{"id":17589,"date":"2025-09-09T14:13:58","date_gmt":"2025-09-09T17:13:58","guid":{"rendered":"https:\/\/www.programapodcast.com.br\/v1\/?p=17589"},"modified":"2025-09-09T14:13:58","modified_gmt":"2025-09-09T17:13:58","slug":"mdb-da-bahia-reafirma-apoio-a-gestao-de-itapetinga-em-encontro-estrategico-em-brasilia","status":"publish","type":"post","link":"https:\/\/www.programapodcast.com.br\/v1\/2025\/09\/09\/mdb-da-bahia-reafirma-apoio-a-gestao-de-itapetinga-em-encontro-estrategico-em-brasilia\/","title":{"rendered":"MDB da Bahia reafirma apoio \u00e0 gest\u00e3o de Itapetinga em encontro estrat\u00e9gico em Bras\u00edlia"},"content":{"rendered":"<p>O MDB da Bahia demonstrou unidade e for\u00e7a pol\u00edtica em um encontro realizado em Bras\u00edlia para refor\u00e7ar o apoio \u00e0 gest\u00e3o do prefeito Eduardo Hagge, em Itapetinga. A comitiva contou com a presen\u00e7a de lideran\u00e7as expressivas do partido, entre elas Carlinhos Sobral (pr\u00e9-candidato a deputado estadual), Jaime Vieira, Dr. Ayrton Ferraz, Ant\u00f4nio J\u00fanior, Geraldo Trindade e o pr\u00f3prio prefeito.<\/p>\n<p>A reuni\u00e3o, realizada em ambiente ministerial, simbolizou n\u00e3o apenas o alinhamento do MDB com o projeto administrativo de Itapetinga, mas tamb\u00e9m abriu caminho para novas parcerias e investimentos. O movimento confirma que o munic\u00edpio ocupa hoje posi\u00e7\u00e3o de destaque nas discuss\u00f5es pol\u00edticas da Bahia, fruto de uma gest\u00e3o t\u00e9cnica, comprometida e articulada.<\/p>\n","protected":false},"excerpt":{"rendered":"<p>O MDB da Bahia demonstrou unidade e for\u00e7a pol\u00edtica em um encontro realizado em Bras\u00edlia para refor\u00e7ar o apoio \u00e0 gest\u00e3o do prefeito Eduardo Hagge, em Itapetinga. A comitiva contou com a presen\u00e7a de lideran\u00e7as expressivas do partido, entre elas Carlinhos Sobral (pr\u00e9-candidato a deputado estadual), Jaime Vieira, Dr. Ayrton Ferraz, Ant\u00f4nio J\u00fanior, Geraldo Trindade &hellip;<\/p>\n","protected":false},"author":3,"featured_media":17590,"comment_status":"closed","ping_status":"closed","sticky":false,"template":"","format":"standard","meta":{"_links_to":"","_links_to_target":""},"categories":[13,12],"tags":[],"views":320,"_links":{"self":[{"href":"https:\/\/www.programapodcast.com.br\/v1\/wp-json\/wp\/v2\/posts\/17589"}],"collection":[{"href":"https:\/\/www.programapodcast.com.br\/v1\/wp-json\/wp\/v2\/posts"}],"about":[{"href":"https:\/\/www.programapodcast.com.br\/v1\/wp-json\/wp\/v2\/types\/post"}],"author":[{"embeddable":true,"href":"https:\/\/www.programapodcast.com.br\/v1\/wp-json\/wp\/v2\/users\/3"}],"replies":[{"embeddable":true,"href":"https:\/\/www.programapodcast.com.br\/v1\/wp-json\/wp\/v2\/comments?post=17589"}],"version-history":[{"count":1,"href":"https:\/\/www.programapodcast.com.br\/v1\/wp-json\/wp\/v2\/posts\/17589\/revisions"}],"predecessor-version":[{"id":17591,"href":"https:\/\/www.programapodcast.com.br\/v1\/wp-json\/wp\/v2\/posts\/17589\/revisions\/17591"}],"wp:featuredmedia":[{"embeddable":true,"href":"https:\/\/www.programapodcast.com.br\/v1\/wp-json\/wp\/v2\/media\/17590"}],"wp:attachment":[{"href":"https:\/\/www.programapodcast.com.br\/v1\/wp-json\/wp\/v2\/media?parent=17589"}],"wp:term":[{"taxonomy":"category","embeddable":true,"href":"https:\/\/www.programapodcast.com.br\/v1\/wp-json\/wp\/v2\/categories?post=17589"},{"taxonomy":"post_tag","embeddable":true,"href":"https:\/\/www.programapodcast.com.br\/v1\/wp-json\/wp\/v2\/tags?post=17589"}],"curies":[{"name":"wp","href":"https:\/\/api.w.org\/{rel}","templated":true}]}}