{"id":17548,"date":"2025-09-04T09:29:13","date_gmt":"2025-09-04T12:29:13","guid":{"rendered":"https:\/\/www.programapodcast.com.br\/v1\/?p=17548"},"modified":"2025-09-04T09:29:13","modified_gmt":"2025-09-04T12:29:13","slug":"em-itapetinga-cotemesb-debate-novos-planos-para-o-desenvolvimento-da-regiao","status":"publish","type":"post","link":"https:\/\/www.programapodcast.com.br\/v1\/2025\/09\/04\/em-itapetinga-cotemesb-debate-novos-planos-para-o-desenvolvimento-da-regiao\/","title":{"rendered":"Em Itapetinga, Cotemesb debate novos planos para o desenvolvimento da regi\u00e3o"},"content":{"rendered":"<p>Na manh\u00e3 desta quarta-feira, 03, Itapetinga sediou mais uma reuni\u00e3o do Cons\u00f3rcio do M\u00e9dio Sudoeste (COTEMESB). Na C\u00e2mara de Vereadores, prefeitos e representantes dos munic\u00edpios se encontraram para definir novos rumos, buscar conv\u00eanios e novas fontes de financiamento.<\/p>\n<p>Presente na reuni\u00e3o, o prefeito Eduardo Hagge falou sobre a import\u00e2ncia de ter Itapetinga de volta ao Cons\u00f3rcio P\u00fablico de Desenvolvimento Sustent\u00e1vel. \u201cA gente sabe que para fazer gest\u00e3o p\u00fablica que traga benef\u00edcios para a vida das pessoas, a gente precisa unir for\u00e7as e \u00e9 isto que este cons\u00f3rcio prop\u00f5e. S\u00f3 juntos poderemos garantir obras de infraestrutura, diversificar a nossa economia e trazer desenvolvimento para a nossa regi\u00e3o\u201d, explicou o prefeito.<\/p>\n<p>Al\u00e9m de discutir iniciativas conjuntas que beneficiam toda a regi\u00e3o, tamb\u00e9m foram debatidas melhorias na infraestrutura do cons\u00f3rcio, o que garantir\u00e1 mais efici\u00eancia e qualidade no atendimento \u00e0s demandas municipais.<\/p>\n","protected":false},"excerpt":{"rendered":"<p>Na manh\u00e3 desta quarta-feira, 03, Itapetinga sediou mais uma reuni\u00e3o do Cons\u00f3rcio do M\u00e9dio Sudoeste (COTEMESB). Na C\u00e2mara de Vereadores, prefeitos e representantes dos munic\u00edpios se encontraram para definir novos rumos, buscar conv\u00eanios e novas fontes de financiamento. Presente na reuni\u00e3o, o prefeito Eduardo Hagge falou sobre a import\u00e2ncia de ter Itapetinga de volta ao &hellip;<\/p>\n","protected":false},"author":3,"featured_media":17549,"comment_status":"closed","ping_status":"closed","sticky":false,"template":"","format":"standard","meta":{"_links_to":"","_links_to_target":""},"categories":[13],"tags":[],"views":201,"_links":{"self":[{"href":"https:\/\/www.programapodcast.com.br\/v1\/wp-json\/wp\/v2\/posts\/17548"}],"collection":[{"href":"https:\/\/www.programapodcast.com.br\/v1\/wp-json\/wp\/v2\/posts"}],"about":[{"href":"https:\/\/www.programapodcast.com.br\/v1\/wp-json\/wp\/v2\/types\/post"}],"author":[{"embeddable":true,"href":"https:\/\/www.programapodcast.com.br\/v1\/wp-json\/wp\/v2\/users\/3"}],"replies":[{"embeddable":true,"href":"https:\/\/www.programapodcast.com.br\/v1\/wp-json\/wp\/v2\/comments?post=17548"}],"version-history":[{"count":1,"href":"https:\/\/www.programapodcast.com.br\/v1\/wp-json\/wp\/v2\/posts\/17548\/revisions"}],"predecessor-version":[{"id":17550,"href":"https:\/\/www.programapodcast.com.br\/v1\/wp-json\/wp\/v2\/posts\/17548\/revisions\/17550"}],"wp:featuredmedia":[{"embeddable":true,"href":"https:\/\/www.programapodcast.com.br\/v1\/wp-json\/wp\/v2\/media\/17549"}],"wp:attachment":[{"href":"https:\/\/www.programapodcast.com.br\/v1\/wp-json\/wp\/v2\/media?parent=17548"}],"wp:term":[{"taxonomy":"category","embeddable":true,"href":"https:\/\/www.programapodcast.com.br\/v1\/wp-json\/wp\/v2\/categories?post=17548"},{"taxonomy":"post_tag","embeddable":true,"href":"https:\/\/www.programapodcast.com.br\/v1\/wp-json\/wp\/v2\/tags?post=17548"}],"curies":[{"name":"wp","href":"https:\/\/api.w.org\/{rel}","templated":true}]}}