{"id":17537,"date":"2025-09-02T10:05:15","date_gmt":"2025-09-02T13:05:15","guid":{"rendered":"https:\/\/www.programapodcast.com.br\/v1\/?p=17537"},"modified":"2025-09-02T10:12:14","modified_gmt":"2025-09-02T13:12:14","slug":"prefeitura-de-itapetinga-inicia-medidas-para-uma-gestao-mais-economica-e-eficiente","status":"publish","type":"post","link":"https:\/\/www.programapodcast.com.br\/v1\/2025\/09\/02\/prefeitura-de-itapetinga-inicia-medidas-para-uma-gestao-mais-economica-e-eficiente\/","title":{"rendered":"Prefeitura de Itapetinga inicia medidas para uma gest\u00e3o mais econ\u00f4mica e eficiente"},"content":{"rendered":"<p>Preocupado em fazer uma gest\u00e3o eficiente, com respeito ao dinheiro p\u00fablico, o prefeito Eduardo Hagge emitiu, na manh\u00e3 desta segunda-feira, 01, um decreto com medidas de contingenciamento de despesas. Entre as medidas estabelecidas, o decreto pro\u00edbe novas contrata\u00e7\u00f5es, restringe pagamentos de horas extras e concess\u00e3o de novos benef\u00edcios, reduz gratifica\u00e7\u00f5es por fun\u00e7\u00f5es e solicita redu\u00e7\u00e3o de gastos com material. Al\u00e9m disso, fica exigido o cumprimento da carga hor\u00e1ria de trabalho e exclu\u00eddo o teletrabalho ou o semipresencial.<\/p>\n<p>Para iniciar as medidas, prefeito e secret\u00e1rios est\u00e3o reduzindo seus subs\u00eddios e gratifica\u00e7\u00f5es facultativamente e buscando, quando poss\u00edvel, romper contratos de loca\u00e7\u00e3o e alocar setores dentro do pr\u00e9dio da prefeitura ou de forma a compartilhar espa\u00e7os.<\/p>\n<p>\u201cQuando otimizamos a utiliza\u00e7\u00e3o dos recursos, n\u00f3s conseguimos fazer uma gest\u00e3o mais econ\u00f4mica e, consequentemente, mais eficiente. Todas essas medidas transformar\u00e3o gastos em recursos para investimento em obras de pavimenta\u00e7\u00e3o, reforma de escolas e postos de sa\u00fade, por exemplo. Ap\u00f3s o primeiro semestre, que foi um tempo de estudos e an\u00e1lises, n\u00f3s come\u00e7amos o trabalho de reorganiza\u00e7\u00e3o das finan\u00e7as do munic\u00edpio para seguir com o projeto de desenvolvimento de forma segura e em bases s\u00f3lidas\u201d, explicou o prefeito Eduardo Hagge.<\/p>\n<p style=\"text-align: right\">Ascom\/PMI<\/p>\n","protected":false},"excerpt":{"rendered":"<p>Preocupado em fazer uma gest\u00e3o eficiente, com respeito ao dinheiro p\u00fablico, o prefeito Eduardo Hagge emitiu, na manh\u00e3 desta segunda-feira, 01, um decreto com medidas de contingenciamento de despesas. Entre as medidas estabelecidas, o decreto pro\u00edbe novas contrata\u00e7\u00f5es, restringe pagamentos de horas extras e concess\u00e3o de novos benef\u00edcios, reduz gratifica\u00e7\u00f5es por fun\u00e7\u00f5es e solicita redu\u00e7\u00e3o &hellip;<\/p>\n","protected":false},"author":3,"featured_media":17538,"comment_status":"closed","ping_status":"closed","sticky":false,"template":"","format":"standard","meta":{"_links_to":"","_links_to_target":""},"categories":[13],"tags":[],"views":240,"_links":{"self":[{"href":"https:\/\/www.programapodcast.com.br\/v1\/wp-json\/wp\/v2\/posts\/17537"}],"collection":[{"href":"https:\/\/www.programapodcast.com.br\/v1\/wp-json\/wp\/v2\/posts"}],"about":[{"href":"https:\/\/www.programapodcast.com.br\/v1\/wp-json\/wp\/v2\/types\/post"}],"author":[{"embeddable":true,"href":"https:\/\/www.programapodcast.com.br\/v1\/wp-json\/wp\/v2\/users\/3"}],"replies":[{"embeddable":true,"href":"https:\/\/www.programapodcast.com.br\/v1\/wp-json\/wp\/v2\/comments?post=17537"}],"version-history":[{"count":2,"href":"https:\/\/www.programapodcast.com.br\/v1\/wp-json\/wp\/v2\/posts\/17537\/revisions"}],"predecessor-version":[{"id":17543,"href":"https:\/\/www.programapodcast.com.br\/v1\/wp-json\/wp\/v2\/posts\/17537\/revisions\/17543"}],"wp:featuredmedia":[{"embeddable":true,"href":"https:\/\/www.programapodcast.com.br\/v1\/wp-json\/wp\/v2\/media\/17538"}],"wp:attachment":[{"href":"https:\/\/www.programapodcast.com.br\/v1\/wp-json\/wp\/v2\/media?parent=17537"}],"wp:term":[{"taxonomy":"category","embeddable":true,"href":"https:\/\/www.programapodcast.com.br\/v1\/wp-json\/wp\/v2\/categories?post=17537"},{"taxonomy":"post_tag","embeddable":true,"href":"https:\/\/www.programapodcast.com.br\/v1\/wp-json\/wp\/v2\/tags?post=17537"}],"curies":[{"name":"wp","href":"https:\/\/api.w.org\/{rel}","templated":true}]}}