{"id":17534,"date":"2025-09-02T10:02:35","date_gmt":"2025-09-02T13:02:35","guid":{"rendered":"https:\/\/www.programapodcast.com.br\/v1\/?p=17534"},"modified":"2025-09-02T10:02:35","modified_gmt":"2025-09-02T13:02:35","slug":"coopardo-fortalece-presenca-no-agro-ao-participar-da-cavalgada-das-brabas-empoderadas-em-macarani","status":"publish","type":"post","link":"https:\/\/www.programapodcast.com.br\/v1\/2025\/09\/02\/coopardo-fortalece-presenca-no-agro-ao-participar-da-cavalgada-das-brabas-empoderadas-em-macarani\/","title":{"rendered":"Coopardo fortalece presen\u00e7a no agro ao participar da Cavalgada das \u2018Brabas Empoderadas\u2019 em Macarani"},"content":{"rendered":"<p>A cidade de Macarani celebrou, no Dia do Vaqueiro, mais do que uma tradi\u00e7\u00e3o: destacou a for\u00e7a feminina no agroneg\u00f3cio com a realiza\u00e7\u00e3o da Cavalgada das Brabas Empoderadas. O evento contou com a participa\u00e7\u00e3o ativa da Coopardo, cooperativa que vem se consolidando como incentivadora das iniciativas agropecu\u00e1rias na regi\u00e3o.<\/p>\n<p>Organizado por mulheres do campo e da cidade, o evento reuniu vaqueiros e fam\u00edlias de toda a regi\u00e3o, em uma grande celebra\u00e7\u00e3o cultural e rural. Alex Coelho, representando a Coopardo ao lado da fam\u00edlia, marcou presen\u00e7a, refor\u00e7ando o apoio da institui\u00e7\u00e3o \u00e0s festividades e \u00e0 valoriza\u00e7\u00e3o das mulheres do agro.<\/p>\n<p>A Coopardo foi patrocinadora e incentivadora do evento, fortalecendo seu compromisso com o desenvolvimento regional e com a valoriza\u00e7\u00e3o das mulheres no campo.<\/p>\n<p>Al\u00e9m da cavalgada, o p\u00fablico participou de apresenta\u00e7\u00f5es, encontros culturais e momentos de confraterniza\u00e7\u00e3o que movimentaram a cidade.<\/p>\n","protected":false},"excerpt":{"rendered":"<p>A cidade de Macarani celebrou, no Dia do Vaqueiro, mais do que uma tradi\u00e7\u00e3o: destacou a for\u00e7a feminina no agroneg\u00f3cio com a realiza\u00e7\u00e3o da Cavalgada das Brabas Empoderadas. O evento contou com a participa\u00e7\u00e3o ativa da Coopardo, cooperativa que vem se consolidando como incentivadora das iniciativas agropecu\u00e1rias na regi\u00e3o. Organizado por mulheres do campo e &hellip;<\/p>\n","protected":false},"author":3,"featured_media":17535,"comment_status":"closed","ping_status":"closed","sticky":false,"template":"","format":"standard","meta":{"_links_to":"","_links_to_target":""},"categories":[13],"tags":[],"views":248,"_links":{"self":[{"href":"https:\/\/www.programapodcast.com.br\/v1\/wp-json\/wp\/v2\/posts\/17534"}],"collection":[{"href":"https:\/\/www.programapodcast.com.br\/v1\/wp-json\/wp\/v2\/posts"}],"about":[{"href":"https:\/\/www.programapodcast.com.br\/v1\/wp-json\/wp\/v2\/types\/post"}],"author":[{"embeddable":true,"href":"https:\/\/www.programapodcast.com.br\/v1\/wp-json\/wp\/v2\/users\/3"}],"replies":[{"embeddable":true,"href":"https:\/\/www.programapodcast.com.br\/v1\/wp-json\/wp\/v2\/comments?post=17534"}],"version-history":[{"count":1,"href":"https:\/\/www.programapodcast.com.br\/v1\/wp-json\/wp\/v2\/posts\/17534\/revisions"}],"predecessor-version":[{"id":17536,"href":"https:\/\/www.programapodcast.com.br\/v1\/wp-json\/wp\/v2\/posts\/17534\/revisions\/17536"}],"wp:featuredmedia":[{"embeddable":true,"href":"https:\/\/www.programapodcast.com.br\/v1\/wp-json\/wp\/v2\/media\/17535"}],"wp:attachment":[{"href":"https:\/\/www.programapodcast.com.br\/v1\/wp-json\/wp\/v2\/media?parent=17534"}],"wp:term":[{"taxonomy":"category","embeddable":true,"href":"https:\/\/www.programapodcast.com.br\/v1\/wp-json\/wp\/v2\/categories?post=17534"},{"taxonomy":"post_tag","embeddable":true,"href":"https:\/\/www.programapodcast.com.br\/v1\/wp-json\/wp\/v2\/tags?post=17534"}],"curies":[{"name":"wp","href":"https:\/\/api.w.org\/{rel}","templated":true}]}}