{"id":17528,"date":"2025-08-31T09:50:51","date_gmt":"2025-08-31T12:50:51","guid":{"rendered":"https:\/\/www.programapodcast.com.br\/v1\/?p=17528"},"modified":"2025-08-31T09:50:51","modified_gmt":"2025-08-31T12:50:51","slug":"eduardo-hagge-e-alecio-chaves-protagonizam-dia-historico-para-a-educacao-de-itapetinga","status":"publish","type":"post","link":"https:\/\/www.programapodcast.com.br\/v1\/2025\/08\/31\/eduardo-hagge-e-alecio-chaves-protagonizam-dia-historico-para-a-educacao-de-itapetinga\/","title":{"rendered":"Eduardo Hagge e Al\u00e9cio Chaves Protagonizam Dia Hist\u00f3rico para a Educa\u00e7\u00e3o de Itapetinga"},"content":{"rendered":"<p>Itapetinga viveu, nesta semana, um marco hist\u00f3rico para a educa\u00e7\u00e3o municipal. Ap\u00f3s 35 anos de espera, finalmente foi realizada a elei\u00e7\u00e3o direta para gestores escolares da Rede Municipal de Ensino \u2014 um pleito previsto desde a Lei Org\u00e2nica do Munic\u00edpio de 1990, mas que s\u00f3 agora, sob a atual gest\u00e3o, se tornou realidade.<\/p>\n<p>A concretiza\u00e7\u00e3o desse avan\u00e7o s\u00f3 foi poss\u00edvel gra\u00e7as \u00e0 decis\u00e3o pol\u00edtica do prefeito Eduardo Hagge e \u00e0 determina\u00e7\u00e3o do secret\u00e1rio de Educa\u00e7\u00e3o, Al\u00e9cio Chaves, que lideraram a implanta\u00e7\u00e3o desse modelo democr\u00e1tico e participativo.<\/p>\n<p>A cerim\u00f4nia oficializou a posse de 47 gestores escolares, escolhidos por meio de um processo que envolveu professores, funcion\u00e1rios e pais de alunos, garantindo legitimidade e fortalecimento da gest\u00e3o escolar.<\/p>\n<p>Para o prefeito Eduardo Hagge, o momento representa um divisor de \u00e1guas: \u201cFoi necess\u00e1rio coragem para colocar em pr\u00e1tica esse processo, adormecido h\u00e1 mais de tr\u00eas d\u00e9cadas. Hoje, damos dignidade \u00e0 educa\u00e7\u00e3o de Itapetinga, resgatando princ\u00edpios democr\u00e1ticos e oxigenando nossas institui\u00e7\u00f5es escolares. Esse \u00e9 um passo que ter\u00e1 reflexos diretos na motiva\u00e7\u00e3o de toda a comunidade escolar.\u201d<\/p>\n<p>O secret\u00e1rio de Educa\u00e7\u00e3o, Al\u00e9cio Chaves, tamb\u00e9m ressaltou o car\u00e1ter pedag\u00f3gico da a\u00e7\u00e3o: \u201cA elei\u00e7\u00e3o fortalece a gest\u00e3o escolar e aproxima a comunidade da escola. N\u00e3o acreditamos em qualidade de ensino sem a participa\u00e7\u00e3o da fam\u00edlia. Esse modelo democr\u00e1tico traz a comunidade para dentro do processo educacional, melhora \u00edndices e, sobretudo, contribui para a forma\u00e7\u00e3o de cidad\u00e3os conscientes e participativos.\u201d<\/p>\n<p>O processo eleitoral, iniciado em abril, envolveu etapas de prepara\u00e7\u00e3o e avalia\u00e7\u00e3o dos candidatos. Mais do que um ato administrativo, a medida simboliza o compromisso da atual gest\u00e3o em transformar a educa\u00e7\u00e3o municipal em um espa\u00e7o vivo de cidadania.<\/p>\n<p>Com a iniciativa in\u00e9dita, a gest\u00e3o de Eduardo Hagge e Al\u00e9cio Chaves projeta Itapetinga a um novo patamar, consolidando o munic\u00edpio como refer\u00eancia em gest\u00e3o educacional na Bahia, unindo democracia, qualidade de ensino e participa\u00e7\u00e3o social.<\/p>\n","protected":false},"excerpt":{"rendered":"<p>Itapetinga viveu, nesta semana, um marco hist\u00f3rico para a educa\u00e7\u00e3o municipal. Ap\u00f3s 35 anos de espera, finalmente foi realizada a elei\u00e7\u00e3o direta para gestores escolares da Rede Municipal de Ensino \u2014 um pleito previsto desde a Lei Org\u00e2nica do Munic\u00edpio de 1990, mas que s\u00f3 agora, sob a atual gest\u00e3o, se tornou realidade. A concretiza\u00e7\u00e3o &hellip;<\/p>\n","protected":false},"author":3,"featured_media":17529,"comment_status":"closed","ping_status":"closed","sticky":false,"template":"","format":"standard","meta":{"_links_to":"","_links_to_target":""},"categories":[13],"tags":[],"views":251,"_links":{"self":[{"href":"https:\/\/www.programapodcast.com.br\/v1\/wp-json\/wp\/v2\/posts\/17528"}],"collection":[{"href":"https:\/\/www.programapodcast.com.br\/v1\/wp-json\/wp\/v2\/posts"}],"about":[{"href":"https:\/\/www.programapodcast.com.br\/v1\/wp-json\/wp\/v2\/types\/post"}],"author":[{"embeddable":true,"href":"https:\/\/www.programapodcast.com.br\/v1\/wp-json\/wp\/v2\/users\/3"}],"replies":[{"embeddable":true,"href":"https:\/\/www.programapodcast.com.br\/v1\/wp-json\/wp\/v2\/comments?post=17528"}],"version-history":[{"count":1,"href":"https:\/\/www.programapodcast.com.br\/v1\/wp-json\/wp\/v2\/posts\/17528\/revisions"}],"predecessor-version":[{"id":17530,"href":"https:\/\/www.programapodcast.com.br\/v1\/wp-json\/wp\/v2\/posts\/17528\/revisions\/17530"}],"wp:featuredmedia":[{"embeddable":true,"href":"https:\/\/www.programapodcast.com.br\/v1\/wp-json\/wp\/v2\/media\/17529"}],"wp:attachment":[{"href":"https:\/\/www.programapodcast.com.br\/v1\/wp-json\/wp\/v2\/media?parent=17528"}],"wp:term":[{"taxonomy":"category","embeddable":true,"href":"https:\/\/www.programapodcast.com.br\/v1\/wp-json\/wp\/v2\/categories?post=17528"},{"taxonomy":"post_tag","embeddable":true,"href":"https:\/\/www.programapodcast.com.br\/v1\/wp-json\/wp\/v2\/tags?post=17528"}],"curies":[{"name":"wp","href":"https:\/\/api.w.org\/{rel}","templated":true}]}}