{"id":17524,"date":"2025-08-31T09:46:06","date_gmt":"2025-08-31T12:46:06","guid":{"rendered":"https:\/\/www.programapodcast.com.br\/v1\/?p=17524"},"modified":"2025-08-31T09:47:21","modified_gmt":"2025-08-31T12:47:21","slug":"pesquisa-mostra-desgaste-de-lula-em-minas-estado-chave-para-2026","status":"publish","type":"post","link":"https:\/\/www.programapodcast.com.br\/v1\/2025\/08\/31\/pesquisa-mostra-desgaste-de-lula-em-minas-estado-chave-para-2026\/","title":{"rendered":"Pesquisa mostra desgaste de Lula em Minas, estado-chave para 2026"},"content":{"rendered":"<p>Uma pesquisa realizada pela AtlasIntel e divulgada em 29 de agosto de 2025 revela que 55% dos eleitores de Minas Gerais desaprovam a gest\u00e3o do presidente Luiz In\u00e1cio Lula da Silva (PT). Por outro lado, 45% aprovam o governo, enquanto 1% n\u00e3o souberam ou preferiram n\u00e3o responder.<\/p>\n<p>O levantamento, conduzido entre os dias 20 e 25 de agosto, entrevistou presencialmente 2.035 eleitores mineiros. A margem de erro \u00e9 de 2 pontos percentuais, com um n\u00edvel de confian\u00e7a de 95%.<\/p>\n<p>Quando questionados sobre a avalia\u00e7\u00e3o do governo, 48,9% dos entrevistados classificaram a administra\u00e7\u00e3o como &#8220;ruim&#8221; ou &#8220;p\u00e9ssima&#8221;. Aproximadamente 40,3% consideraram-na &#8220;boa&#8221; ou &#8220;\u00f3tima&#8221;, e 10,8% a avaliaram como &#8220;regular&#8221;.<\/p>\n<p>Esses n\u00fameros indicam um cen\u00e1rio desafiador para o governo federal em Minas Gerais, estado com grande peso eleitoral. A desaprova\u00e7\u00e3o significativa pode influenciar estrat\u00e9gias pol\u00edticas e eleitorais futuras, especialmente considerando a import\u00e2ncia do estado nas elei\u00e7\u00f5es nacionais.<\/p>\n","protected":false},"excerpt":{"rendered":"<p>Uma pesquisa realizada pela AtlasIntel e divulgada em 29 de agosto de 2025 revela que 55% dos eleitores de Minas Gerais desaprovam a gest\u00e3o do presidente Luiz In\u00e1cio Lula da Silva (PT). Por outro lado, 45% aprovam o governo, enquanto 1% n\u00e3o souberam ou preferiram n\u00e3o responder. O levantamento, conduzido entre os dias 20 e &hellip;<\/p>\n","protected":false},"author":3,"featured_media":17525,"comment_status":"closed","ping_status":"closed","sticky":false,"template":"","format":"standard","meta":{"_links_to":"","_links_to_target":""},"categories":[12],"tags":[],"views":253,"_links":{"self":[{"href":"https:\/\/www.programapodcast.com.br\/v1\/wp-json\/wp\/v2\/posts\/17524"}],"collection":[{"href":"https:\/\/www.programapodcast.com.br\/v1\/wp-json\/wp\/v2\/posts"}],"about":[{"href":"https:\/\/www.programapodcast.com.br\/v1\/wp-json\/wp\/v2\/types\/post"}],"author":[{"embeddable":true,"href":"https:\/\/www.programapodcast.com.br\/v1\/wp-json\/wp\/v2\/users\/3"}],"replies":[{"embeddable":true,"href":"https:\/\/www.programapodcast.com.br\/v1\/wp-json\/wp\/v2\/comments?post=17524"}],"version-history":[{"count":2,"href":"https:\/\/www.programapodcast.com.br\/v1\/wp-json\/wp\/v2\/posts\/17524\/revisions"}],"predecessor-version":[{"id":17527,"href":"https:\/\/www.programapodcast.com.br\/v1\/wp-json\/wp\/v2\/posts\/17524\/revisions\/17527"}],"wp:featuredmedia":[{"embeddable":true,"href":"https:\/\/www.programapodcast.com.br\/v1\/wp-json\/wp\/v2\/media\/17525"}],"wp:attachment":[{"href":"https:\/\/www.programapodcast.com.br\/v1\/wp-json\/wp\/v2\/media?parent=17524"}],"wp:term":[{"taxonomy":"category","embeddable":true,"href":"https:\/\/www.programapodcast.com.br\/v1\/wp-json\/wp\/v2\/categories?post=17524"},{"taxonomy":"post_tag","embeddable":true,"href":"https:\/\/www.programapodcast.com.br\/v1\/wp-json\/wp\/v2\/tags?post=17524"}],"curies":[{"name":"wp","href":"https:\/\/api.w.org\/{rel}","templated":true}]}}