{"id":17336,"date":"2025-07-30T09:27:04","date_gmt":"2025-07-30T12:27:04","guid":{"rendered":"https:\/\/www.programapodcast.com.br\/v1\/?p=17336"},"modified":"2025-07-30T09:27:04","modified_gmt":"2025-07-30T12:27:04","slug":"quando-faltam-solucoes-estruturais-sobra-populismo-o-brasil-de-inacio-diante-da-crise-com-os-eua","status":"publish","type":"post","link":"https:\/\/www.programapodcast.com.br\/v1\/2025\/07\/30\/quando-faltam-solucoes-estruturais-sobra-populismo-o-brasil-de-inacio-diante-da-crise-com-os-eua\/","title":{"rendered":"Quando faltam solu\u00e7\u00f5es estruturais, sobra populismo: o Brasil de In\u00e1cio diante da crise com os EUA"},"content":{"rendered":"<p>Em tempos de crise, o que se espera de um presidente \u00e9 postura de estadista. Algu\u00e9m capaz de enxergar al\u00e9m do imediatismo das manchetes e buscar solu\u00e7\u00f5es estruturantes para os problemas profundos do pa\u00eds. Infelizmente, o que se v\u00ea no governo de In\u00e1cio \u00e9 justamente o oposto: uma ret\u00f3rica populista, centrada em pol\u00edticas paliativas, sem qualquer sinal de um projeto real de transforma\u00e7\u00e3o nacional.<\/p>\n<p>Como bem observou Roberto Mangabeira Unger, professor de Harvard e ex-ministro dos governos petistas, um verdadeiro estadista, diante do embate comercial entre Brasil e Estados Unidos, n\u00e3o estaria preocupado em alimentar discursos inflamados, mas sim em extrair vantagens estrat\u00e9gicas dessa crise. Em vez de bravatas e pronunciamentos em tom de campanha, estar\u00edamos vendo o presidente articular medidas para fortalecer a economia do conhecimento, a capacita\u00e7\u00e3o produtiva da popula\u00e7\u00e3o e a competitividade do pa\u00eds.<\/p>\n<p>Mas n\u00e3o \u00e9 isso que ocorre. Em plena tens\u00e3o diplom\u00e1tica com os EUA, In\u00e1cio sobe ao palanque em uma inaugura\u00e7\u00e3o de usina termoel\u00e9trica e prefere anunciar mais um programa assistencial \u2013 o \u201cG\u00e1s para Todos\u201d \u2013 do que apresentar qualquer proposta estruturante. A promessa de ampliar a distribui\u00e7\u00e3o de g\u00e1s para 17 milh\u00f5es de fam\u00edlias \u00e9 mais uma tentativa de resposta emergencial, sem nenhum compromisso com a emancipa\u00e7\u00e3o social dessas pessoas.<\/p>\n<p>A l\u00f3gica do governo segue sendo a de distribuir recursos or\u00e7ament\u00e1rios como forma de mitigar os efeitos da pobreza, em vez de enfrentar as causas estruturais que a perpetuam. Ningu\u00e9m discute a necessidade de socorrer os mais vulner\u00e1veis \u2013 isso \u00e9 obriga\u00e7\u00e3o de qualquer governo civilizado \u2013, mas transformar essa compensa\u00e7\u00e3o em pol\u00edtica de Estado, em substitui\u00e7\u00e3o \u00e0 gera\u00e7\u00e3o de riqueza, \u00e9 o caminho certo para o atraso.<\/p>\n<p>O Brasil n\u00e3o saiu do mapa da fome porque enriqueceu; saiu porque despejou dinheiro p\u00fablico sobre a mis\u00e9ria. O problema \u00e9 que essa conta n\u00e3o fecha eternamente. E enquanto outras na\u00e7\u00f5es disputam protagonismo global com inova\u00e7\u00e3o, educa\u00e7\u00e3o de ponta e investimento em ci\u00eancia e tecnologia, o Brasil parece estacionado em um modelo que prioriza o assistencialismo como fim em si mesmo.<\/p>\n<p>A pergunta de Mangabeira Unger, ao mesmo tempo simples e devastadora, ecoa com for\u00e7a: se o Brasil tivesse hoje um estadista na presid\u00eancia, o que ele estaria fazendo? Certamente, n\u00e3o estaria em campanha.<\/p>\n","protected":false},"excerpt":{"rendered":"<p>Em tempos de crise, o que se espera de um presidente \u00e9 postura de estadista. Algu\u00e9m capaz de enxergar al\u00e9m do imediatismo das manchetes e buscar solu\u00e7\u00f5es estruturantes para os problemas profundos do pa\u00eds. Infelizmente, o que se v\u00ea no governo de In\u00e1cio \u00e9 justamente o oposto: uma ret\u00f3rica populista, centrada em pol\u00edticas paliativas, sem &hellip;<\/p>\n","protected":false},"author":3,"featured_media":17337,"comment_status":"closed","ping_status":"closed","sticky":false,"template":"","format":"standard","meta":{"_links_to":"","_links_to_target":""},"categories":[12],"tags":[],"views":299,"_links":{"self":[{"href":"https:\/\/www.programapodcast.com.br\/v1\/wp-json\/wp\/v2\/posts\/17336"}],"collection":[{"href":"https:\/\/www.programapodcast.com.br\/v1\/wp-json\/wp\/v2\/posts"}],"about":[{"href":"https:\/\/www.programapodcast.com.br\/v1\/wp-json\/wp\/v2\/types\/post"}],"author":[{"embeddable":true,"href":"https:\/\/www.programapodcast.com.br\/v1\/wp-json\/wp\/v2\/users\/3"}],"replies":[{"embeddable":true,"href":"https:\/\/www.programapodcast.com.br\/v1\/wp-json\/wp\/v2\/comments?post=17336"}],"version-history":[{"count":1,"href":"https:\/\/www.programapodcast.com.br\/v1\/wp-json\/wp\/v2\/posts\/17336\/revisions"}],"predecessor-version":[{"id":17338,"href":"https:\/\/www.programapodcast.com.br\/v1\/wp-json\/wp\/v2\/posts\/17336\/revisions\/17338"}],"wp:featuredmedia":[{"embeddable":true,"href":"https:\/\/www.programapodcast.com.br\/v1\/wp-json\/wp\/v2\/media\/17337"}],"wp:attachment":[{"href":"https:\/\/www.programapodcast.com.br\/v1\/wp-json\/wp\/v2\/media?parent=17336"}],"wp:term":[{"taxonomy":"category","embeddable":true,"href":"https:\/\/www.programapodcast.com.br\/v1\/wp-json\/wp\/v2\/categories?post=17336"},{"taxonomy":"post_tag","embeddable":true,"href":"https:\/\/www.programapodcast.com.br\/v1\/wp-json\/wp\/v2\/tags?post=17336"}],"curies":[{"name":"wp","href":"https:\/\/api.w.org\/{rel}","templated":true}]}}