{"id":16864,"date":"2025-06-27T20:09:06","date_gmt":"2025-06-27T23:09:06","guid":{"rendered":"https:\/\/www.programapodcast.com.br\/v1\/?p=16864"},"modified":"2025-06-27T21:09:21","modified_gmt":"2025-06-28T00:09:21","slug":"aluno-da-rede-municipal-de-ensino-e-medalha-de-ouro-nacional-na-obmep","status":"publish","type":"post","link":"https:\/\/www.programapodcast.com.br\/v1\/2025\/06\/27\/aluno-da-rede-municipal-de-ensino-e-medalha-de-ouro-nacional-na-obmep\/","title":{"rendered":"ALUNO DA REDE MUNICIPAL DE ENSINO \u00c9 MEDALHA DE OURO NACIONAL NA OBMEP"},"content":{"rendered":"<section class=\"elementor-section elementor-top-section elementor-element elementor-element-f94632b elementor-section-boxed elementor-section-height-default elementor-section-height-default\" data-id=\"f94632b\" data-element_type=\"section\" data-settings=\"{&quot;ekit_has_onepagescroll_dot&quot;:&quot;yes&quot;}\">\n<div class=\"elementor-container elementor-column-gap-no\">\n<div class=\"elementor-column elementor-col-50 elementor-top-column elementor-element elementor-element-b7e33b9\" data-id=\"b7e33b9\" data-element_type=\"column\">\n<div class=\"elementor-widget-wrap elementor-element-populated\">\n<div class=\"elementor-element elementor-element-3150cd8 elementor-widget elementor-widget-theme-post-content\" data-id=\"3150cd8\" data-element_type=\"widget\" data-settings=\"{&quot;ekit_we_effect_on&quot;:&quot;none&quot;}\" data-widget_type=\"theme-post-content.default\">\n<div class=\"elementor-widget-container\">\n<h4 style=\"text-align: justify\">A educa\u00e7\u00e3o Itapetinga est\u00e1 em festa, celebrando o talento e a conquista de um dos alunos da rede municipal. Felipe Abelha, estudante do 8\u00ba ano da Escola Nair D\u2019Esquivel Jandiroba, \u00e9 medalhista de Ouro Nacional na OBMEP (Olimp\u00edada Brasileira de Matem\u00e1tica das Escolas P\u00fablicas). No pr\u00f3ximo domingo, dia 29, ele vai ao Rio de Janeiro, participar da cerim\u00f4nia de premia\u00e7\u00e3o.<\/h4>\n<h4 style=\"text-align: justify\">Promovida pelo IMPA (Instituto de Matem\u00e1tica Pura e Aplicada), a maior competi\u00e7\u00e3o cient\u00edfica do pa\u00eds re\u00fane, todos os anos, mais de 18 milh\u00f5es de participantes. Neste ano, a Obmep bateu recorde no n\u00famero de escolas e munic\u00edpios inscritos: 56.516 mil institui\u00e7\u00f5es de 5.564 cidades \u2013 o que representa uma cobertura de 99,9% dos munic\u00edpios brasileiros. Ao todo, mais de 18,5 milh\u00f5es de estudantes participaram da primeira fase da competi\u00e7\u00e3o.<\/h4>\n<h4 style=\"text-align: justify\">Al\u00e9m das medalhas de ouro nacionais, a 19\u00aa OBMEP j\u00e1 distribuiu medalhas de prata de bronze nacionais, al\u00e9m de men\u00e7\u00f5es honrosas. As medalhas de prata e bronze s\u00e3o entregues em cerim\u00f4nias regionais de premia\u00e7\u00e3o realizadas pelos Coordenadores Regionais da OBMEP distribu\u00eddos em todas as regi\u00f5es do pa\u00eds.<\/h4>\n<h4 style=\"text-align: justify\">Por ser um medalhista nacional, Felipe participar\u00e1 do Programa de Inicia\u00e7\u00e3o Cient\u00edfica, que contar\u00e1 com aulas avan\u00e7adas para que aprimore os conhecimentos. Alunos de escolas p\u00fablicas como ele receber\u00e3o do Conselho Nacional de Desenvolvimento Cient\u00edfico e Tecnol\u00f3gico uma bolsa de R$ 300 para integrarem o programa.<\/h4>\n<h4 style=\"text-align: justify\">Destinada a estudantes do 6\u00ba ano do Fundamental ao 3\u00ba ano do M\u00e9dio, a OBMEP contribui para estimular o estudo da Matem\u00e1tica e identificar jovens talentos da disciplina. Outros objetivos da iniciativa s\u00e3o promover a inclus\u00e3o social por meio da difus\u00e3o do conhecimento e contribuir para a melhoria da qualidade da educa\u00e7\u00e3o b\u00e1sica, possibilitando que um maior n\u00famero de alunos brasileiros acesse material did\u00e1tico de qualidade. Por Ascom\/Prefeitura<\/h4>\n<\/div>\n<\/div>\n<\/div>\n<\/div>\n<\/div>\n<\/section>\n","protected":false},"excerpt":{"rendered":"<p>A educa\u00e7\u00e3o Itapetinga est\u00e1 em festa, celebrando o talento e a conquista de um dos alunos da rede municipal. Felipe Abelha, estudante do 8\u00ba ano da Escola Nair D\u2019Esquivel Jandiroba, \u00e9 medalhista de Ouro Nacional na OBMEP (Olimp\u00edada Brasileira de Matem\u00e1tica das Escolas P\u00fablicas). No pr\u00f3ximo domingo, dia 29, ele vai ao Rio de Janeiro, &hellip;<\/p>\n","protected":false},"author":3,"featured_media":16865,"comment_status":"closed","ping_status":"closed","sticky":false,"template":"","format":"standard","meta":{"_links_to":"","_links_to_target":""},"categories":[1],"tags":[],"views":276,"_links":{"self":[{"href":"https:\/\/www.programapodcast.com.br\/v1\/wp-json\/wp\/v2\/posts\/16864"}],"collection":[{"href":"https:\/\/www.programapodcast.com.br\/v1\/wp-json\/wp\/v2\/posts"}],"about":[{"href":"https:\/\/www.programapodcast.com.br\/v1\/wp-json\/wp\/v2\/types\/post"}],"author":[{"embeddable":true,"href":"https:\/\/www.programapodcast.com.br\/v1\/wp-json\/wp\/v2\/users\/3"}],"replies":[{"embeddable":true,"href":"https:\/\/www.programapodcast.com.br\/v1\/wp-json\/wp\/v2\/comments?post=16864"}],"version-history":[{"count":1,"href":"https:\/\/www.programapodcast.com.br\/v1\/wp-json\/wp\/v2\/posts\/16864\/revisions"}],"predecessor-version":[{"id":16866,"href":"https:\/\/www.programapodcast.com.br\/v1\/wp-json\/wp\/v2\/posts\/16864\/revisions\/16866"}],"wp:featuredmedia":[{"embeddable":true,"href":"https:\/\/www.programapodcast.com.br\/v1\/wp-json\/wp\/v2\/media\/16865"}],"wp:attachment":[{"href":"https:\/\/www.programapodcast.com.br\/v1\/wp-json\/wp\/v2\/media?parent=16864"}],"wp:term":[{"taxonomy":"category","embeddable":true,"href":"https:\/\/www.programapodcast.com.br\/v1\/wp-json\/wp\/v2\/categories?post=16864"},{"taxonomy":"post_tag","embeddable":true,"href":"https:\/\/www.programapodcast.com.br\/v1\/wp-json\/wp\/v2\/tags?post=16864"}],"curies":[{"name":"wp","href":"https:\/\/api.w.org\/{rel}","templated":true}]}}