{"id":16762,"date":"2025-06-23T17:22:08","date_gmt":"2025-06-23T20:22:08","guid":{"rendered":"https:\/\/www.programapodcast.com.br\/v1\/?p=16762"},"modified":"2025-06-23T17:25:33","modified_gmt":"2025-06-23T20:25:33","slug":"rodrigo-hagge-marca-presenca-no-sao-joao-de-itapetinga","status":"publish","type":"post","link":"https:\/\/www.programapodcast.com.br\/v1\/2025\/06\/23\/rodrigo-hagge-marca-presenca-no-sao-joao-de-itapetinga\/","title":{"rendered":"RODRIGO HAGGE MARCA PRESEN\u00c7A NO S\u00c3O JO\u00c3O DE ITAPETINGA"},"content":{"rendered":"<p class=\"western\" align=\"justify\"><span style=\"font-family: Tahoma\"><span style=\"font-size: large\"><span style=\"color: #000000\">O ex-prefeito Rodrigo Hagge participou ativamente das primeiras noites do S\u00e3o Jo\u00e3o de Itapetinga, o maior e mais tradicional evento do munic\u00edpio e de toda a regi\u00e3o. Com sua presen\u00e7a marcante, Rodrigo reencontrou amigos, correligion\u00e1rios e demonstrou prest\u00edgio ao celebrar a cultura nordestina ao lado da popula\u00e7\u00e3o.<\/span><\/span><\/span><\/p>\n<p class=\"western\" align=\"justify\"><span style=\"font-family: Tahoma\"><span style=\"font-size: large\"><span style=\"color: #000000\">A festa, que re\u00fane milhares de pessoas todos os anos no Parque da Lagoa, tamb\u00e9m contou com a presen\u00e7a de diversas autoridades pol\u00edticas e empresariais, como o presidente da CERB (Companhia de Engenharia H\u00eddrica e de Saneamento da Bahia), o deputado Jayme Vieira Lima.<\/span><\/span><\/span><\/p>\n<p class=\"western\" align=\"justify\"><span style=\"font-family: Tahoma\"><span style=\"font-size: large\"><span style=\"color: #000000\">Rodrigo, que deixou a prefeitura na \u00faltima gest\u00e3o, segue sendo uma figura de destaque na pol\u00edtica local, sendo sempre muito bem recebido pelo povo nos eventos populares. <\/span><\/span><\/span><\/p>\n<p class=\"western\" align=\"justify\"><span style=\"font-family: Tahoma\"><span style=\"font-size: large\"><span style=\"color: #000000\">Sua participa\u00e7\u00e3o refor\u00e7a a import\u00e2ncia do S\u00e3o Jo\u00e3o de Itapetinga como espa\u00e7o de conviv\u00eancia, tradi\u00e7\u00e3o e articula\u00e7\u00e3o pol\u00edtica.<br \/>\n<span style=\"color: #ffffff\">www.programapodcast.com.br<\/span><\/span><\/span><\/span><\/p>\n<p align=\"justify\"><img decoding=\"async\" loading=\"lazy\" class=\" wp-image-16764 aligncenter\" src=\"https:\/\/www.programapodcast.com.br\/v1\/wp-content\/uploads\/2025\/06\/1002212386.heic_.jpg\" alt=\"\" width=\"745\" height=\"419\" srcset=\"https:\/\/www.programapodcast.com.br\/v1\/wp-content\/uploads\/2025\/06\/1002212386.heic_.jpg 320w, https:\/\/www.programapodcast.com.br\/v1\/wp-content\/uploads\/2025\/06\/1002212386.heic_-300x169.jpg 300w\" sizes=\"(max-width: 745px) 100vw, 745px\" \/><\/p>\n","protected":false},"excerpt":{"rendered":"<p>O ex-prefeito Rodrigo Hagge participou ativamente das primeiras noites do S\u00e3o Jo\u00e3o de Itapetinga, o maior e mais tradicional evento do munic\u00edpio e de toda a regi\u00e3o. Com sua presen\u00e7a marcante, Rodrigo reencontrou amigos, correligion\u00e1rios e demonstrou prest\u00edgio ao celebrar a cultura nordestina ao lado da popula\u00e7\u00e3o. A festa, que re\u00fane milhares de pessoas todos &hellip;<\/p>\n","protected":false},"author":3,"featured_media":16763,"comment_status":"closed","ping_status":"closed","sticky":false,"template":"","format":"standard","meta":{"_links_to":"","_links_to_target":""},"categories":[1],"tags":[],"views":237,"_links":{"self":[{"href":"https:\/\/www.programapodcast.com.br\/v1\/wp-json\/wp\/v2\/posts\/16762"}],"collection":[{"href":"https:\/\/www.programapodcast.com.br\/v1\/wp-json\/wp\/v2\/posts"}],"about":[{"href":"https:\/\/www.programapodcast.com.br\/v1\/wp-json\/wp\/v2\/types\/post"}],"author":[{"embeddable":true,"href":"https:\/\/www.programapodcast.com.br\/v1\/wp-json\/wp\/v2\/users\/3"}],"replies":[{"embeddable":true,"href":"https:\/\/www.programapodcast.com.br\/v1\/wp-json\/wp\/v2\/comments?post=16762"}],"version-history":[{"count":5,"href":"https:\/\/www.programapodcast.com.br\/v1\/wp-json\/wp\/v2\/posts\/16762\/revisions"}],"predecessor-version":[{"id":16770,"href":"https:\/\/www.programapodcast.com.br\/v1\/wp-json\/wp\/v2\/posts\/16762\/revisions\/16770"}],"wp:featuredmedia":[{"embeddable":true,"href":"https:\/\/www.programapodcast.com.br\/v1\/wp-json\/wp\/v2\/media\/16763"}],"wp:attachment":[{"href":"https:\/\/www.programapodcast.com.br\/v1\/wp-json\/wp\/v2\/media?parent=16762"}],"wp:term":[{"taxonomy":"category","embeddable":true,"href":"https:\/\/www.programapodcast.com.br\/v1\/wp-json\/wp\/v2\/categories?post=16762"},{"taxonomy":"post_tag","embeddable":true,"href":"https:\/\/www.programapodcast.com.br\/v1\/wp-json\/wp\/v2\/tags?post=16762"}],"curies":[{"name":"wp","href":"https:\/\/api.w.org\/{rel}","templated":true}]}}