{"id":16757,"date":"2025-06-22T23:09:18","date_gmt":"2025-06-23T02:09:18","guid":{"rendered":"https:\/\/www.programapodcast.com.br\/v1\/?p=16757"},"modified":"2025-06-23T21:03:46","modified_gmt":"2025-06-24T00:03:46","slug":"valorizacao-dos-artistas-locais-e-grande-publico-marcam-o-sao-joao-de-itapetinga","status":"publish","type":"post","link":"https:\/\/www.programapodcast.com.br\/v1\/2025\/06\/22\/valorizacao-dos-artistas-locais-e-grande-publico-marcam-o-sao-joao-de-itapetinga\/","title":{"rendered":"VALORIZA\u00c7\u00c3O DOS ARTISTAS LOCAIS E GRANDE P\u00daBLICO MARCAM O S\u00c3O JO\u00c3O DE ITAPETINGA"},"content":{"rendered":"<h4 style=\"text-align: justify\">Com uma megaestrutura montada no Parque Poliesportivo da Lagoa, o S\u00e3o Jo\u00e3o de Itapetinga 2025 se consolida como um dos principais eventos juninos do interior da Bahia. Esta \u00e9 a primeira edi\u00e7\u00e3o sob a gest\u00e3o do prefeito Eduardo Hagge (MDB), que refor\u00e7a o compromisso com a cultura e os talentos locais.<\/h4>\n<h4 style=\"text-align: justify\">Dos 23 shows programados, 10 s\u00e3o de artistas da pr\u00f3pria cidade, representando cerca de 43,5% da grade oficial. Al\u00e9m dos shows no palco principal, a banda local Carro a \u00c1lcool animou uma puxada que saiu da Pra\u00e7a Dairy Walley at\u00e9 o Parque Poliesportivo da Lagoa no s\u00e1bado (21), marcando o in\u00edcio da festa com muita energia e tradi\u00e7\u00e3o.<\/h4>\n<h4 style=\"text-align: justify\">A festa tamb\u00e9m conta com grandes nomes nacionais, que atra\u00edram multid\u00f5es. Na sexta-feira (20), o palco principal foi comandado por Jo\u00e3o Gomes, enquanto no s\u00e1bado (21) a festa foi agitada por Vitor Fernandes. Para esta noite de domingo (22), a expectativa \u00e9 pelo show do cantor Igor Kann\u00e1rio, conhecido por promover a maior \u201cpipoca do mundo\u201d, animando ainda mais o p\u00fablico presente.<\/h4>\n<h4 style=\"text-align: justify\">A valoriza\u00e7\u00e3o dos artistas locais foi trazida pelo secret\u00e1rio de Governo, Geraldo Trindade, durante entrevista neste s\u00e1bado (22) \u00e0 R\u00e1dio Fascina\u00e7\u00e3o FM 92.3, que transmite a festa ao vivo do circuito. Segundo ele, nunca antes houve uma valoriza\u00e7\u00e3o t\u00e3o expressiva dos talentos da \u2018Capital Baiana da Pecu\u00e1ria\u2019.<\/h4>\n<h4 style=\"text-align: justify\">Ele destacou que o S\u00e3o Jo\u00e3o \u00e9 democr\u00e1tico, respeita as tradi\u00e7\u00f5es e valoriza quem faz cultura o ano todo na cidade.<\/h4>\n<h4 style=\"text-align: center\">ARTISTAS LOCAIS NA PROGRAMA\u00c7\u00c3O DO S\u00c3O JO\u00c3O DE ITAPETINGA<\/h4>\n<h4 style=\"text-align: justify\">A programa\u00e7\u00e3o do S\u00e3o Jo\u00e3o de Itapetinga 2025 destaca a forte presen\u00e7a dos talentos da cidade, que correspondem a cerca de 43,5% das atra\u00e7\u00f5es oficiais. Na sexta-feira (20), quem subiu ao palco foram Dinho Prado e Suzy \u2013 A Top, abrindo a festa com muita energia.<\/h4>\n<h4 style=\"text-align: justify\">No s\u00e1bado (21), a banda Carro a \u00c1lcool animou a tradicional puxada da Pra\u00e7a Dairy Walley at\u00e9 o Parque Poliesportivo da Lagoa, seguida pelas apresenta\u00e7\u00f5es de Ju\u00e1 da Bahia e Mois\u00e9s Serafim, que mantiveram o ritmo da festa e a conex\u00e3o com as ra\u00edzes locais.<\/h4>\n<h4 style=\"text-align: justify\">Hoje, domingo (22), o p\u00fablico poder\u00e1 conferir o talento de Edigar M\u00e3o Branca, Ivan Alves, Peu do Acordeon, Musical D\u2019Lyra e Z\u00e9 Reinan, artistas que prometem agitar a terceira noite com shows repletos de autenticidade e ritmo regional.<\/h4>\n<h4 style=\"text-align: justify\">Essa expressiva participa\u00e7\u00e3o dos artistas locais refor\u00e7a o compromisso da gest\u00e3o do prefeito Eduardo Hagge em valorizar e fortalecer a cultura de Itapetinga, fazendo com que a festa seja uma verdadeira express\u00e3o da cultura e do povo de Itapetinga.<\/h4>\n<h4 style=\"text-align: justify\">Com p\u00fablico expressivo nas duas primeiras noites, o evento segue neste domingo (22) com mais atra\u00e7\u00f5es locais e a expectativa de lota\u00e7\u00e3o m\u00e1xima para os \u00faltimos dias de festa. Da Reda\u00e7\u00e3o<\/h4>\n","protected":false},"excerpt":{"rendered":"<p>Com uma megaestrutura montada no Parque Poliesportivo da Lagoa, o S\u00e3o Jo\u00e3o de Itapetinga 2025 se consolida como um dos principais eventos juninos do interior da Bahia. Esta \u00e9 a primeira edi\u00e7\u00e3o sob a gest\u00e3o do prefeito Eduardo Hagge (MDB), que refor\u00e7a o compromisso com a cultura e os talentos locais. Dos 23 shows programados, &hellip;<\/p>\n","protected":false},"author":3,"featured_media":16758,"comment_status":"closed","ping_status":"closed","sticky":false,"template":"","format":"standard","meta":{"_links_to":"","_links_to_target":""},"categories":[1],"tags":[],"views":254,"_links":{"self":[{"href":"https:\/\/www.programapodcast.com.br\/v1\/wp-json\/wp\/v2\/posts\/16757"}],"collection":[{"href":"https:\/\/www.programapodcast.com.br\/v1\/wp-json\/wp\/v2\/posts"}],"about":[{"href":"https:\/\/www.programapodcast.com.br\/v1\/wp-json\/wp\/v2\/types\/post"}],"author":[{"embeddable":true,"href":"https:\/\/www.programapodcast.com.br\/v1\/wp-json\/wp\/v2\/users\/3"}],"replies":[{"embeddable":true,"href":"https:\/\/www.programapodcast.com.br\/v1\/wp-json\/wp\/v2\/comments?post=16757"}],"version-history":[{"count":1,"href":"https:\/\/www.programapodcast.com.br\/v1\/wp-json\/wp\/v2\/posts\/16757\/revisions"}],"predecessor-version":[{"id":16759,"href":"https:\/\/www.programapodcast.com.br\/v1\/wp-json\/wp\/v2\/posts\/16757\/revisions\/16759"}],"wp:featuredmedia":[{"embeddable":true,"href":"https:\/\/www.programapodcast.com.br\/v1\/wp-json\/wp\/v2\/media\/16758"}],"wp:attachment":[{"href":"https:\/\/www.programapodcast.com.br\/v1\/wp-json\/wp\/v2\/media?parent=16757"}],"wp:term":[{"taxonomy":"category","embeddable":true,"href":"https:\/\/www.programapodcast.com.br\/v1\/wp-json\/wp\/v2\/categories?post=16757"},{"taxonomy":"post_tag","embeddable":true,"href":"https:\/\/www.programapodcast.com.br\/v1\/wp-json\/wp\/v2\/tags?post=16757"}],"curies":[{"name":"wp","href":"https:\/\/api.w.org\/{rel}","templated":true}]}}