{"id":16563,"date":"2025-06-07T17:09:07","date_gmt":"2025-06-07T20:09:07","guid":{"rendered":"https:\/\/www.programapodcast.com.br\/v1\/?p=16563"},"modified":"2025-06-07T17:09:07","modified_gmt":"2025-06-07T20:09:07","slug":"polo-uab-de-itapetinga-abre-inscricoes-para-cursos-de-graduacao-gratuitos","status":"publish","type":"post","link":"https:\/\/www.programapodcast.com.br\/v1\/2025\/06\/07\/polo-uab-de-itapetinga-abre-inscricoes-para-cursos-de-graduacao-gratuitos\/","title":{"rendered":"POLO UAB DE ITAPETINGA ABRE INSCRI\u00c7\u00d5ES PARA CURSOS DE GRADUA\u00c7\u00c3O GRATUITOS"},"content":{"rendered":"<p class=\"western\" align=\"justify\"><span style=\"font-family: Tahoma\"><span style=\"font-size: large\"><span style=\"color: #000000\">O Polo da Universidade Aberta do Brasil (UAB) em Itapetinga est\u00e1 com inscri\u00e7\u00f5es abertas para novos cursos de gradua\u00e7\u00e3o gratuitos. A iniciativa, em parceria com o Instituto Federal da Bahia (IFBA), refor\u00e7a o compromisso da institui\u00e7\u00e3o em democratizar o acesso ao ensino superior de qualidade, por meio da modalidade a dist\u00e2ncia.<\/span><\/span><\/span><\/p>\n<p class=\"western\" align=\"justify\"><span style=\"font-family: Tahoma\"><span style=\"font-size: large\"><span style=\"color: #000000\">Ao todo, est\u00e3o sendo oferecidas 40 vagas para o curso de Licenciatura em Educa\u00e7\u00e3o F\u00edsica e 25 vagas para o curso de Administra\u00e7\u00e3o P\u00fablica, com in\u00edcio previsto para o pr\u00f3ximo semestre. As inscri\u00e7\u00f5es podem ser realizadas at\u00e9 o dia 4 de julho, de forma on-line ou presencialmente no pr\u00f3prio polo.<\/span><\/span><\/span><\/p>\n<p class=\"western\" align=\"justify\"><span style=\"font-family: Tahoma\"><span style=\"font-size: large\"><span style=\"color: #000000\">Localizado no antigo pr\u00e9dio Jos\u00e9 Vaz Espinheira, o Polo UAB de Itapetinga \u00e9 refer\u00eancia regional em educa\u00e7\u00e3o superior a dist\u00e2ncia. Atualmente, a unidade oferece sete cursos de licenciatura e oito de p\u00f3s-gradua\u00e7\u00e3o, em parceria com universidades p\u00fablicas e institutos federais. Sob a coordena\u00e7\u00e3o da professora Eliene Moreira Chaves, o espa\u00e7o passou recentemente por uma ampla reforma, ganhando infraestrutura moderna, acess\u00edvel e acolhedora para receber estudantes de toda a regi\u00e3o.<\/span><\/span><\/span><\/p>\n<p class=\"western\" align=\"justify\"><span style=\"font-family: Tahoma\"><span style=\"font-size: large\"><span style=\"color: #000000\">A iniciativa representa uma excelente oportunidade para quem busca forma\u00e7\u00e3o superior gratuita e de qualidade, com a flexibilidade do ensino remoto e o suporte presencial em um ambiente dedicado \u00e0 aprendizagem e ao crescimento acad\u00eamico.<\/span><\/span><\/span><\/p>\n","protected":false},"excerpt":{"rendered":"<p>O Polo da Universidade Aberta do Brasil (UAB) em Itapetinga est\u00e1 com inscri\u00e7\u00f5es abertas para novos cursos de gradua\u00e7\u00e3o gratuitos. A iniciativa, em parceria com o Instituto Federal da Bahia (IFBA), refor\u00e7a o compromisso da institui\u00e7\u00e3o em democratizar o acesso ao ensino superior de qualidade, por meio da modalidade a dist\u00e2ncia. Ao todo, est\u00e3o sendo &hellip;<\/p>\n","protected":false},"author":3,"featured_media":16564,"comment_status":"closed","ping_status":"closed","sticky":false,"template":"","format":"standard","meta":{"_links_to":"","_links_to_target":""},"categories":[13],"tags":[],"views":474,"_links":{"self":[{"href":"https:\/\/www.programapodcast.com.br\/v1\/wp-json\/wp\/v2\/posts\/16563"}],"collection":[{"href":"https:\/\/www.programapodcast.com.br\/v1\/wp-json\/wp\/v2\/posts"}],"about":[{"href":"https:\/\/www.programapodcast.com.br\/v1\/wp-json\/wp\/v2\/types\/post"}],"author":[{"embeddable":true,"href":"https:\/\/www.programapodcast.com.br\/v1\/wp-json\/wp\/v2\/users\/3"}],"replies":[{"embeddable":true,"href":"https:\/\/www.programapodcast.com.br\/v1\/wp-json\/wp\/v2\/comments?post=16563"}],"version-history":[{"count":1,"href":"https:\/\/www.programapodcast.com.br\/v1\/wp-json\/wp\/v2\/posts\/16563\/revisions"}],"predecessor-version":[{"id":16565,"href":"https:\/\/www.programapodcast.com.br\/v1\/wp-json\/wp\/v2\/posts\/16563\/revisions\/16565"}],"wp:featuredmedia":[{"embeddable":true,"href":"https:\/\/www.programapodcast.com.br\/v1\/wp-json\/wp\/v2\/media\/16564"}],"wp:attachment":[{"href":"https:\/\/www.programapodcast.com.br\/v1\/wp-json\/wp\/v2\/media?parent=16563"}],"wp:term":[{"taxonomy":"category","embeddable":true,"href":"https:\/\/www.programapodcast.com.br\/v1\/wp-json\/wp\/v2\/categories?post=16563"},{"taxonomy":"post_tag","embeddable":true,"href":"https:\/\/www.programapodcast.com.br\/v1\/wp-json\/wp\/v2\/tags?post=16563"}],"curies":[{"name":"wp","href":"https:\/\/api.w.org\/{rel}","templated":true}]}}