{"id":16351,"date":"2025-05-27T10:49:53","date_gmt":"2025-05-27T13:49:53","guid":{"rendered":"https:\/\/www.programapodcast.com.br\/v1\/?p=16351"},"modified":"2025-05-27T10:49:53","modified_gmt":"2025-05-27T13:49:53","slug":"comunicado-de-falecimento-macario-evangelista-da-silva","status":"publish","type":"post","link":"https:\/\/www.programapodcast.com.br\/v1\/2025\/05\/27\/comunicado-de-falecimento-macario-evangelista-da-silva\/","title":{"rendered":"COMUNICADO DE FALECIMENTO \u2013 MAC\u00c1RIO EVANGELISTA DA SILVA"},"content":{"rendered":"<p class=\"western\" align=\"justify\"><span style=\"font-family: Tahoma\"><span style=\"font-size: large\"><span style=\"color: #000000\">\u00c9 com profundo pesar que informamos o falecimento do senhor Mac\u00e1rio Evangelista da Silva, ocorrido na noite desta segunda-feira, 26 de maio.<\/span><\/span><\/span><\/p>\n<p class=\"western\" align=\"justify\"><span style=\"font-family: Tahoma\"><span style=\"font-size: large\"><span style=\"color: #000000\">O vel\u00f3rio est\u00e1 sendo realizado em sua resid\u00eancia, situada na Rua Humberto de Campos, n\u00ba 620, bairro S\u00e3o Francisco, pr\u00f3ximo \u00e0 Comutran.<\/span><\/span><\/span><\/p>\n<p class=\"western\" align=\"justify\"><span style=\"font-family: Tahoma\"><span style=\"font-size: large\"><span style=\"color: #000000\">O sepultamento acontecer\u00e1 nesta ter\u00e7a-feira (27), \u00e0s 16h, no Cemit\u00e9rio Parque, localizado no bairro Nova Itapetinga.<\/span><\/span><\/span><\/p>\n<p class=\"western\" align=\"justify\"><span style=\"font-family: Tahoma\"><span style=\"font-size: large\"><span style=\"color: #000000\">Mac\u00e1rio parte deixando saudades eternas nos cora\u00e7\u00f5es de seus filhos e filhas: Juscilene, Juscinei, Jusci, Tina, Rita e Ailton Macarr\u00e3o, al\u00e9m de familiares e amigos.<\/span><\/span><\/span><\/p>\n<p class=\"western\" align=\"justify\"><span style=\"font-family: Tahoma\"><span style=\"font-size: large\"><span style=\"color: #000000\">Neste momento de dor, nos solidarizamos com todos os que sentem sua partida e desejamos conforto \u00e0 fam\u00edlia e amigos.<\/span><\/span><\/span><\/p>\n<p class=\"western\" align=\"justify\"><span style=\"font-family: Tahoma\"><span style=\"font-size: large\"><span style=\"color: #000000\">Nossos sinceros sentimentos, da equipe do Podcast 92.3.<\/span><\/span><\/span><\/p>\n","protected":false},"excerpt":{"rendered":"<p>\u00c9 com profundo pesar que informamos o falecimento do senhor Mac\u00e1rio Evangelista da Silva, ocorrido na noite desta segunda-feira, 26 de maio. O vel\u00f3rio est\u00e1 sendo realizado em sua resid\u00eancia, situada na Rua Humberto de Campos, n\u00ba 620, bairro S\u00e3o Francisco, pr\u00f3ximo \u00e0 Comutran. O sepultamento acontecer\u00e1 nesta ter\u00e7a-feira (27), \u00e0s 16h, no Cemit\u00e9rio Parque, &hellip;<\/p>\n","protected":false},"author":3,"featured_media":16352,"comment_status":"closed","ping_status":"closed","sticky":false,"template":"","format":"standard","meta":{"_links_to":"","_links_to_target":""},"categories":[13],"tags":[],"views":272,"_links":{"self":[{"href":"https:\/\/www.programapodcast.com.br\/v1\/wp-json\/wp\/v2\/posts\/16351"}],"collection":[{"href":"https:\/\/www.programapodcast.com.br\/v1\/wp-json\/wp\/v2\/posts"}],"about":[{"href":"https:\/\/www.programapodcast.com.br\/v1\/wp-json\/wp\/v2\/types\/post"}],"author":[{"embeddable":true,"href":"https:\/\/www.programapodcast.com.br\/v1\/wp-json\/wp\/v2\/users\/3"}],"replies":[{"embeddable":true,"href":"https:\/\/www.programapodcast.com.br\/v1\/wp-json\/wp\/v2\/comments?post=16351"}],"version-history":[{"count":1,"href":"https:\/\/www.programapodcast.com.br\/v1\/wp-json\/wp\/v2\/posts\/16351\/revisions"}],"predecessor-version":[{"id":16353,"href":"https:\/\/www.programapodcast.com.br\/v1\/wp-json\/wp\/v2\/posts\/16351\/revisions\/16353"}],"wp:featuredmedia":[{"embeddable":true,"href":"https:\/\/www.programapodcast.com.br\/v1\/wp-json\/wp\/v2\/media\/16352"}],"wp:attachment":[{"href":"https:\/\/www.programapodcast.com.br\/v1\/wp-json\/wp\/v2\/media?parent=16351"}],"wp:term":[{"taxonomy":"category","embeddable":true,"href":"https:\/\/www.programapodcast.com.br\/v1\/wp-json\/wp\/v2\/categories?post=16351"},{"taxonomy":"post_tag","embeddable":true,"href":"https:\/\/www.programapodcast.com.br\/v1\/wp-json\/wp\/v2\/tags?post=16351"}],"curies":[{"name":"wp","href":"https:\/\/api.w.org\/{rel}","templated":true}]}}