{"id":16342,"date":"2025-05-26T17:02:17","date_gmt":"2025-05-26T20:02:17","guid":{"rendered":"https:\/\/www.programapodcast.com.br\/v1\/?p=16342"},"modified":"2025-05-26T17:14:17","modified_gmt":"2025-05-26T20:14:17","slug":"a-doacao-de-terreno-pelo-governo-eduardo-hagge-viabiliza-inicio-das-obras-do-complexo-de-saude-em-itapetinga","status":"publish","type":"post","link":"https:\/\/www.programapodcast.com.br\/v1\/2025\/05\/26\/a-doacao-de-terreno-pelo-governo-eduardo-hagge-viabiliza-inicio-das-obras-do-complexo-de-saude-em-itapetinga\/","title":{"rendered":"DOA\u00c7\u00c3O DE TERRENO PELO GOVERNO EDUARDO HAGGE VIABILIZA IN\u00cdCIO DAS OBRAS DO COMPLEXO DE SA\u00daDE EM ITAPETINGA"},"content":{"rendered":"<p class=\"western\" align=\"justify\"><span style=\"font-family: Tahoma\"><span style=\"font-size: large\"><span style=\"color: #000000\">Prefeitura Municipal de Itapetinga, sob a lideran\u00e7a do prefeito Eduardo Hagge, oficializou a doa\u00e7\u00e3o de um terreno estrat\u00e9gico para a constru\u00e7\u00e3o do Complexo de Sa\u00fade que abrigar\u00e1 o Hospital Regional e a Policl\u00ednica Regional. A iniciativa foi decisiva para agilizar o cronograma da obra, evitando o prolongado processo de desapropria\u00e7\u00e3o, que poderia retardar significativamente o in\u00edcio dos trabalhos.<\/span><\/span><\/span><\/p>\n<p class=\"western\" align=\"justify\"><span style=\"font-family: Tahoma\"><span style=\"font-size: large\"><span style=\"color: #000000\">O prefeito Eduardo Hagge demonstra, com essa a\u00e7\u00e3o, uma gest\u00e3o pautada por vis\u00e3o estrat\u00e9gica e compromisso com o desenvolvimento regional. A doa\u00e7\u00e3o n\u00e3o apenas assegura celeridade ao projeto, como tamb\u00e9m reafirma o papel de Itapetinga como refer\u00eancia em sa\u00fade para o Sudoeste baiano.<\/span><\/span><\/span><\/p>\n<p class=\"western\" align=\"justify\"><span style=\"font-family: Tahoma\"><span style=\"font-size: large\"><span style=\"color: #000000\">O governo do estado, por sua vez, tamb\u00e9m \u00e9 digno de reconhecimento por compreender a import\u00e2ncia de fortalecer a rede hospitalar na regi\u00e3o, aliviando a press\u00e3o sobre unidades de sa\u00fade em munic\u00edpios como Vit\u00f3ria da Conquista, Ilh\u00e9us, Itabuna, Feira de Santana e Salvador.<\/span><\/span><\/span><\/p>\n<p class=\"western\" align=\"justify\"><span style=\"font-family: Tahoma\"><span style=\"font-size: large\"><span style=\"color: #000000\">Com a constru\u00e7\u00e3o do Complexo de Sa\u00fade, Itapetinga se consolida como um polo regional, garantindo atendimento especializado mais pr\u00f3ximo para milhares de cidad\u00e3os, representando um avan\u00e7o significativo na qualidade e no acesso \u00e0 sa\u00fade p\u00fablica.<\/span><\/span><\/span><\/p>\n","protected":false},"excerpt":{"rendered":"<p>Prefeitura Municipal de Itapetinga, sob a lideran\u00e7a do prefeito Eduardo Hagge, oficializou a doa\u00e7\u00e3o de um terreno estrat\u00e9gico para a constru\u00e7\u00e3o do Complexo de Sa\u00fade que abrigar\u00e1 o Hospital Regional e a Policl\u00ednica Regional. A iniciativa foi decisiva para agilizar o cronograma da obra, evitando o prolongado processo de desapropria\u00e7\u00e3o, que poderia retardar significativamente o &hellip;<\/p>\n","protected":false},"author":3,"featured_media":16345,"comment_status":"closed","ping_status":"closed","sticky":false,"template":"","format":"standard","meta":{"_links_to":"","_links_to_target":""},"categories":[13],"tags":[],"views":393,"_links":{"self":[{"href":"https:\/\/www.programapodcast.com.br\/v1\/wp-json\/wp\/v2\/posts\/16342"}],"collection":[{"href":"https:\/\/www.programapodcast.com.br\/v1\/wp-json\/wp\/v2\/posts"}],"about":[{"href":"https:\/\/www.programapodcast.com.br\/v1\/wp-json\/wp\/v2\/types\/post"}],"author":[{"embeddable":true,"href":"https:\/\/www.programapodcast.com.br\/v1\/wp-json\/wp\/v2\/users\/3"}],"replies":[{"embeddable":true,"href":"https:\/\/www.programapodcast.com.br\/v1\/wp-json\/wp\/v2\/comments?post=16342"}],"version-history":[{"count":1,"href":"https:\/\/www.programapodcast.com.br\/v1\/wp-json\/wp\/v2\/posts\/16342\/revisions"}],"predecessor-version":[{"id":16344,"href":"https:\/\/www.programapodcast.com.br\/v1\/wp-json\/wp\/v2\/posts\/16342\/revisions\/16344"}],"wp:featuredmedia":[{"embeddable":true,"href":"https:\/\/www.programapodcast.com.br\/v1\/wp-json\/wp\/v2\/media\/16345"}],"wp:attachment":[{"href":"https:\/\/www.programapodcast.com.br\/v1\/wp-json\/wp\/v2\/media?parent=16342"}],"wp:term":[{"taxonomy":"category","embeddable":true,"href":"https:\/\/www.programapodcast.com.br\/v1\/wp-json\/wp\/v2\/categories?post=16342"},{"taxonomy":"post_tag","embeddable":true,"href":"https:\/\/www.programapodcast.com.br\/v1\/wp-json\/wp\/v2\/tags?post=16342"}],"curies":[{"name":"wp","href":"https:\/\/api.w.org\/{rel}","templated":true}]}}