{"id":14911,"date":"2025-05-12T10:01:14","date_gmt":"2025-05-12T13:01:14","guid":{"rendered":"https:\/\/www.programapodcast.com.br\/v1\/?p=14911"},"modified":"2025-05-12T10:04:15","modified_gmt":"2025-05-12T13:04:15","slug":"atacadao-dos-naturais-reinaugura-loja-em-itapetinga-com-novo-espaco-e-ampliacao-de-produtos","status":"publish","type":"post","link":"https:\/\/www.programapodcast.com.br\/v1\/2025\/05\/12\/atacadao-dos-naturais-reinaugura-loja-em-itapetinga-com-novo-espaco-e-ampliacao-de-produtos\/","title":{"rendered":"ATACAD\u00c3O DOS NATURAIS REINAUGURA LOJA EM ITAPETINGA COM NOVO ESPA\u00c7O E AMPLIA\u00c7\u00c3O DE PRODUTOS"},"content":{"rendered":"<p class=\"western\" align=\"justify\"><span style=\"font-family: Tahoma\"><span style=\"font-size: large\"><span style=\"color: #000000\">O <strong>Atacad\u00e3o dos Naturais<\/strong>, uma das principais lojas de produtos naturais da cidade, reinaugurou sua unidade na Avenida Flamengo, em Itapetinga, no \u00faltimo dia 9 de maio. Com a nova estrutura, o empreendimento agora tamb\u00e9m passa a ser conhecido como Farm\u00e1cia dos Naturais, ampliando sua oferta de produtos para a comunidade.<\/span><\/span><\/span><\/p>\n<p class=\"western\" align=\"justify\"><span style=\"font-family: Tahoma\"><span style=\"font-size: large\"><span style=\"color: #000000\">A nova loja oferece uma diversidade de itens, com destaque para produtos naturais, nutrac\u00eauticos, artigos a granel, al\u00e9m de produtos dom\u00e9sticos e utilidades gerais. A mudan\u00e7a no espa\u00e7o visa atender \u00e0 crescente procura por alternativas saud\u00e1veis e acess\u00edveis no mercado local, consolidando o Atacad\u00e3o dos Naturais como refer\u00eancia para quem busca qualidade de vida e bem-estar.<\/span><\/span><\/span><\/p>\n<p class=\"western\" align=\"justify\"><span style=\"font-family: Tahoma\"><span style=\"font-size: large\"><span style=\"color: #000000\">Com a reinaugura\u00e7\u00e3o, o estabelecimento promete se tornar ainda mais acess\u00edvel, com pre\u00e7os competitivos e um atendimento personalizado para clientes e revendedores. O novo ambiente foi pensado para proporcionar mais conforto e praticidade no momento da compra.<\/span><\/span><\/span><\/p>\n<p class=\"western\" align=\"justify\"><span style=\"font-family: Tahoma\"><span style=\"font-size: large\"><span style=\"color: #000000\">O <strong>Atacad\u00e3o dos Naturais<\/strong> refor\u00e7a seu compromisso com a sa\u00fade e o bem-estar da popula\u00e7\u00e3o de Itapetinga e regi\u00e3o. Para mais informa\u00e7\u00f5es, basta entrar em contato pelo WhatsApp (77) 9 8114-3112.<\/span><\/span><\/span><\/p>\n<p align=\"justify\"><span style=\"color: #ffffff\">www.programapodcast.com.br<\/span><\/p>\n<p align=\"justify\"><img decoding=\"async\" loading=\"lazy\" class=\"size-full wp-image-14914 aligncenter\" src=\"https:\/\/www.programapodcast.com.br\/v1\/wp-content\/uploads\/2025\/05\/WhatsApp-Image-2025-05-11-at-20.50.27-1.jpeg\" alt=\"\" width=\"733\" height=\"550\" srcset=\"https:\/\/www.programapodcast.com.br\/v1\/wp-content\/uploads\/2025\/05\/WhatsApp-Image-2025-05-11-at-20.50.27-1.jpeg 733w, https:\/\/www.programapodcast.com.br\/v1\/wp-content\/uploads\/2025\/05\/WhatsApp-Image-2025-05-11-at-20.50.27-1-300x225.jpeg 300w\" sizes=\"(max-width: 733px) 100vw, 733px\" \/><\/p>\n","protected":false},"excerpt":{"rendered":"<p>O Atacad\u00e3o dos Naturais, uma das principais lojas de produtos naturais da cidade, reinaugurou sua unidade na Avenida Flamengo, em Itapetinga, no \u00faltimo dia 9 de maio. Com a nova estrutura, o empreendimento agora tamb\u00e9m passa a ser conhecido como Farm\u00e1cia dos Naturais, ampliando sua oferta de produtos para a comunidade. A nova loja oferece &hellip;<\/p>\n","protected":false},"author":3,"featured_media":14912,"comment_status":"closed","ping_status":"closed","sticky":false,"template":"","format":"standard","meta":{"_links_to":"","_links_to_target":""},"categories":[13],"tags":[],"views":484,"_links":{"self":[{"href":"https:\/\/www.programapodcast.com.br\/v1\/wp-json\/wp\/v2\/posts\/14911"}],"collection":[{"href":"https:\/\/www.programapodcast.com.br\/v1\/wp-json\/wp\/v2\/posts"}],"about":[{"href":"https:\/\/www.programapodcast.com.br\/v1\/wp-json\/wp\/v2\/types\/post"}],"author":[{"embeddable":true,"href":"https:\/\/www.programapodcast.com.br\/v1\/wp-json\/wp\/v2\/users\/3"}],"replies":[{"embeddable":true,"href":"https:\/\/www.programapodcast.com.br\/v1\/wp-json\/wp\/v2\/comments?post=14911"}],"version-history":[{"count":2,"href":"https:\/\/www.programapodcast.com.br\/v1\/wp-json\/wp\/v2\/posts\/14911\/revisions"}],"predecessor-version":[{"id":14915,"href":"https:\/\/www.programapodcast.com.br\/v1\/wp-json\/wp\/v2\/posts\/14911\/revisions\/14915"}],"wp:featuredmedia":[{"embeddable":true,"href":"https:\/\/www.programapodcast.com.br\/v1\/wp-json\/wp\/v2\/media\/14912"}],"wp:attachment":[{"href":"https:\/\/www.programapodcast.com.br\/v1\/wp-json\/wp\/v2\/media?parent=14911"}],"wp:term":[{"taxonomy":"category","embeddable":true,"href":"https:\/\/www.programapodcast.com.br\/v1\/wp-json\/wp\/v2\/categories?post=14911"},{"taxonomy":"post_tag","embeddable":true,"href":"https:\/\/www.programapodcast.com.br\/v1\/wp-json\/wp\/v2\/tags?post=14911"}],"curies":[{"name":"wp","href":"https:\/\/api.w.org\/{rel}","templated":true}]}}