{"id":14568,"date":"2025-04-24T11:33:24","date_gmt":"2025-04-24T14:33:24","guid":{"rendered":"https:\/\/www.programapodcast.com.br\/v1\/?p=14568"},"modified":"2025-04-24T11:33:24","modified_gmt":"2025-04-24T14:33:24","slug":"prefeitura-apoia-53a-exposicao-agropecuaria-de-itapetinga","status":"publish","type":"post","link":"https:\/\/www.programapodcast.com.br\/v1\/2025\/04\/24\/prefeitura-apoia-53a-exposicao-agropecuaria-de-itapetinga\/","title":{"rendered":"PREFEITURA APOIA 53\u00aa EXPOSI\u00c7\u00c3O AGROPECU\u00c1RIA DE ITAPETINGA"},"content":{"rendered":"<p class=\"western\" align=\"justify\"><span style=\"font-family: Tahoma\"><span style=\"font-size: large\"><span style=\"color: #000000\">Estamos a pouco mais de 20 dias da nossa mais tradicional festa. A 53\u00aa Exposi\u00e7\u00e3o Agropecu\u00e1ria de Itapetinga come\u00e7ar\u00e1 no pr\u00f3ximo dia 15 e, como n\u00e3o poderia deixar de ser, a prefeitura se envolveu diretamente para garantir a melhor estrutura para o evento.<\/span><\/span><\/span><\/p>\n<p class=\"western\" align=\"justify\"><span style=\"font-family: Tahoma\"><span style=\"font-size: large\"><span style=\"color: #000000\">Desde o in\u00edcio da semana, equipes da administra\u00e7\u00e3o municipal est\u00e3o no Parque Juvino Oliveira para fazer a limpeza e retirada de entulhos, podar as \u00e1rvores, patrolar acessos e estacionamentos, transportar areia para baias, reconstruir bueiros e, claro, retocar toda a pintura para garantir um cen\u00e1rio lindo durante os 10 dias de festa.<\/span><\/span><\/span><\/p>\n<p class=\"western\" align=\"justify\"><span style=\"font-family: Tahoma\"><span style=\"font-size: large\"><span style=\"color: #000000\">Al\u00e9m disso, m\u00e1quinas e ca\u00e7ambas est\u00e3o \u00e0 disposi\u00e7\u00e3o do Sindicato Rural para todo e qualquer servi\u00e7o de infraestrutura necess\u00e1rio.<\/span><\/span><\/span><\/p>\n<p class=\"western\" align=\"justify\"><span style=\"font-family: Tahoma\"><span style=\"font-size: large\"><span style=\"color: #000000\">\u201cA Exposi\u00e7\u00e3o Agropecu\u00e1ria de Itapetinga \u00e9 sem d\u00favida, um importante evento de fomento \u00e0 nossa economia. Se re\u00fanem no Parque Juvino Oliveira grandes empres\u00e1rios, que movimentam grande volume de neg\u00f3cios at\u00e9 os pequenos ambulantes que fazem renda extra nos 10 dias de festa. Isso, sem contar no entretenimento e cultura que oferece para gente de todas as idades. A exposi\u00e7\u00e3o \u00e9, sem d\u00favidas, nossa grande festa e a prefeitura de Itapetinga vai sempre estar presentes em eventos que elevam o nome da nossa terra\u201d, garantiu o prefeito Eduardo Hagge.<br \/>\n<\/span><\/span><\/span><\/p>\n","protected":false},"excerpt":{"rendered":"<p>Estamos a pouco mais de 20 dias da nossa mais tradicional festa. A 53\u00aa Exposi\u00e7\u00e3o Agropecu\u00e1ria de Itapetinga come\u00e7ar\u00e1 no pr\u00f3ximo dia 15 e, como n\u00e3o poderia deixar de ser, a prefeitura se envolveu diretamente para garantir a melhor estrutura para o evento. Desde o in\u00edcio da semana, equipes da administra\u00e7\u00e3o municipal est\u00e3o no Parque &hellip;<\/p>\n","protected":false},"author":3,"featured_media":14569,"comment_status":"closed","ping_status":"closed","sticky":false,"template":"","format":"standard","meta":{"_links_to":"","_links_to_target":""},"categories":[13],"tags":[],"views":231,"_links":{"self":[{"href":"https:\/\/www.programapodcast.com.br\/v1\/wp-json\/wp\/v2\/posts\/14568"}],"collection":[{"href":"https:\/\/www.programapodcast.com.br\/v1\/wp-json\/wp\/v2\/posts"}],"about":[{"href":"https:\/\/www.programapodcast.com.br\/v1\/wp-json\/wp\/v2\/types\/post"}],"author":[{"embeddable":true,"href":"https:\/\/www.programapodcast.com.br\/v1\/wp-json\/wp\/v2\/users\/3"}],"replies":[{"embeddable":true,"href":"https:\/\/www.programapodcast.com.br\/v1\/wp-json\/wp\/v2\/comments?post=14568"}],"version-history":[{"count":1,"href":"https:\/\/www.programapodcast.com.br\/v1\/wp-json\/wp\/v2\/posts\/14568\/revisions"}],"predecessor-version":[{"id":14570,"href":"https:\/\/www.programapodcast.com.br\/v1\/wp-json\/wp\/v2\/posts\/14568\/revisions\/14570"}],"wp:featuredmedia":[{"embeddable":true,"href":"https:\/\/www.programapodcast.com.br\/v1\/wp-json\/wp\/v2\/media\/14569"}],"wp:attachment":[{"href":"https:\/\/www.programapodcast.com.br\/v1\/wp-json\/wp\/v2\/media?parent=14568"}],"wp:term":[{"taxonomy":"category","embeddable":true,"href":"https:\/\/www.programapodcast.com.br\/v1\/wp-json\/wp\/v2\/categories?post=14568"},{"taxonomy":"post_tag","embeddable":true,"href":"https:\/\/www.programapodcast.com.br\/v1\/wp-json\/wp\/v2\/tags?post=14568"}],"curies":[{"name":"wp","href":"https:\/\/api.w.org\/{rel}","templated":true}]}}