{"id":14452,"date":"2025-04-16T23:50:53","date_gmt":"2025-04-17T02:50:53","guid":{"rendered":"https:\/\/www.programapodcast.com.br\/v1\/?p=14452"},"modified":"2025-04-17T09:22:39","modified_gmt":"2025-04-17T12:22:39","slug":"vereador-jean-doriel-se-destaca-pelo-compromisso-constante-com-a-comunidade","status":"publish","type":"post","link":"https:\/\/www.programapodcast.com.br\/v1\/2025\/04\/16\/vereador-jean-doriel-se-destaca-pelo-compromisso-constante-com-a-comunidade\/","title":{"rendered":"VEREADOR JEAN DORIEL SE DESTACA PELO COMPROMISSO CONSTANTE COM A COMUNIDADE"},"content":{"rendered":"<h4 style=\"text-align: justify\">Na noite desta quarta-feira, 16\/04, o vereador Jean Doriel (PL) participou do Programa<strong> PODCAST 92.3<\/strong> da R\u00e1dio Fascina\u00e7\u00e3o FM, quando foi recepcionado e entrevistado pela dupla din\u00e2mica da comunica\u00e7\u00e3o: Joilson Filho e Wagner Ribeiro (Garganta de Ouro).<\/h4>\n<h4 style=\"text-align: justify\">Uma entrevista de excelente conte\u00fado, onde o edil fez um agradecimento todo especial a Deus pela vit\u00f3ria nas urnas em 06 de outubro de 2024, pela ben\u00e7\u00e3o de ter sido eleito pelo povo para represent\u00e1-lo com muita responsabilidade no Poder Legislativo.<\/h4>\n<h4 style=\"text-align: justify\">\u201cSou grato a Deus por este momento especial que estou vivendo, pela b\u00ean\u00e7\u00e3o de chegar \u00e0 C\u00e2mara de Vereadores para representar a comunidade, fiscalizar, legislar em favor da popula\u00e7\u00e3o que anseia por isso, ser um porta-voz do povo, apresentar projetos vi\u00e1veis, ouvir a comunidade, fazer indica\u00e7\u00f5es, participar das audi\u00eancias p\u00fablicas, se engajar nos projetos que fazem Itapetinga ser uma cidade cada vez melhor\u201d, falou Jean Doriel.<\/h4>\n<h4 style=\"text-align: justify\">O vereador e pastor Jean Doriel falou do &#8220;Projeto Tenda do Servo&#8221; que foi criado no in\u00edcio do seu primeiro mandato (janeiro de 2025) com a finalidade de assistir aos mais necessitados nas \u00e1reas social e de sa\u00fade, oferecendo servi\u00e7os como: corte de cabelo e barba, aferi\u00e7\u00e3o de press\u00e3o sangu\u00ednea e glicemia, testes r\u00e1pidos, orienta\u00e7\u00e3o jur\u00eddica e atendimento psicol\u00f3gico.<\/h4>\n<h4 style=\"text-align: justify\">As a\u00e7\u00f5es do projeto s\u00e3o realizadas em parceria com algumas institui\u00e7\u00f5es, a exemplo da Guarda Municipal, Secretarias de Sa\u00fade e Desenvolvimento Social, profissionais liberais (cabeleireiros, psic\u00f3logos, enfermeiros, t\u00e9cnicos de enfermagem, bombeiros civis, advogados, pessoal de apoio, volunt\u00e1rios e colaboradores).<\/h4>\n<h4 style=\"text-align: justify\">O Tenda do Servo Itinerante acontece todo \u00faltimo s\u00e1bado do m\u00eas na Central II de Abastecimento oferecendo todos os servi\u00e7os acima descritos. Recentemente o projeto chegou ao Povoado de Palmares com o apoio da administra\u00e7\u00e3o local \u00a0e aconteceu em pra\u00e7a p\u00fablica que ficou lotada.<\/h4>\n<h4 style=\"text-align: justify\">Teve at\u00e9 uma palestra com a coordenadora do CAPS AD de Itapetinga, que foi convidada pelo vereador Jean Doriel, que falou da import\u00e2ncia da Rede de Sa\u00fade Mental e os servi\u00e7os de excel\u00eancia que s\u00e3o oferecidos \u00e0 popula\u00e7\u00e3o de Itapetinga e regi\u00e3o, j\u00e1 que temos o CAPS III como equipamento regional.<\/h4>\n<h4 style=\"text-align: justify\">Em Palmares, foram oferecidos mais de 40 cortes de cabelo, incluindo a crian\u00e7ada e idosos, dezenas de atendimentos psicol\u00f3gicos para os casos de ansiedade, depress\u00e3o e transtornos diversos, orienta\u00e7\u00f5es jur\u00eddicas, bate-papo do vereador com a comunidade para ouvir seus anseios e muita solidariedade.<\/h4>\n<h4 style=\"text-align: justify\">De acordo com o vereador, a Tenda do Servo estar\u00e1 percorrendo todos os bairros e residenciais do munic\u00edpio com a finalidade de alcan\u00e7ar toda a popula\u00e7\u00e3o que necessita dos servi\u00e7os oferecidos pelo projeto.<\/h4>\n<h4 style=\"text-align: justify\">O vereador Jean Doriel apesar do pouco tempo no cargo de representante do povo, tem tido muita habilidade para defender os interesses da comunidade, buscando cada vez mais se familiarizar com o regimento interno da casa legislativa, atuando com transpar\u00eancia, prestando contas das a\u00e7\u00f5es do seu mandato atrav\u00e9s de suas redes sociais, defendendo todos os segmentos que comp\u00f5em a sociedade civil organizada, respeitando os colegas, divergindo com responsabilidade e conhecimento, apresentando propostas e indica\u00e7\u00f5es depois de consultar o povo.<\/h4>\n<h4 style=\"text-align: justify\">\u201cComo l\u00edder do prefeito na C\u00e2mara de Vereadores, continuarei atuando com a mesma responsabilidade, apoiando o chefe do executivo em prol dos projetos que sejam ben\u00e9ficos para a popula\u00e7\u00e3o\u201d pontuou Jean Doriel.<\/h4>\n<h4 style=\"text-align: justify\">Questionado sobre seu posicionamento de Direita, o vereador respondeu o seguinte: \u201cA minha bandeira \u00e9 o Brasil, eu defendo um pa\u00eds que seja respeitado, mas que respeite seu povo, seu nome, sua hist\u00f3ria\u201d, complementou Doriel.<\/h4>\n<h4>Reportagem: Sizinio Neto<\/h4>\n<div id='gallery-1' class='gallery galleryid-14452 gallery-columns-4 gallery-size-thumbnail'><figure class='gallery-item'>\n\t\t\t<div class='gallery-icon landscape'>\n\t\t\t\t<a href='https:\/\/www.programapodcast.com.br\/v1\/2025\/04\/16\/vereador-jean-doriel-se-destaca-pelo-compromisso-constante-com-a-comunidade\/programa-podcast-vereador-jean-doriel-dia-16-de-abril-de-2025-13\/'><img width=\"150\" height=\"150\" src=\"https:\/\/www.programapodcast.com.br\/v1\/wp-content\/uploads\/2025\/04\/PROGRAMA-PODCAST-VEREADOR-JEAN-DORIEL-DIA-16-DE-ABRIL-DE-2025-13-150x150.jpg\" class=\"attachment-thumbnail size-thumbnail\" alt=\"\" decoding=\"async\" loading=\"lazy\" \/><\/a>\n\t\t\t<\/div><\/figure><figure class='gallery-item'>\n\t\t\t<div class='gallery-icon portrait'>\n\t\t\t\t<a href='https:\/\/www.programapodcast.com.br\/v1\/2025\/04\/16\/vereador-jean-doriel-se-destaca-pelo-compromisso-constante-com-a-comunidade\/programa-podcast-vereador-jean-doriel-dia-16-de-abril-de-2025-12\/'><img width=\"150\" height=\"150\" src=\"https:\/\/www.programapodcast.com.br\/v1\/wp-content\/uploads\/2025\/04\/PROGRAMA-PODCAST-VEREADOR-JEAN-DORIEL-DIA-16-DE-ABRIL-DE-2025-12-150x150.jpg\" class=\"attachment-thumbnail size-thumbnail\" alt=\"\" decoding=\"async\" loading=\"lazy\" \/><\/a>\n\t\t\t<\/div><\/figure><figure class='gallery-item'>\n\t\t\t<div class='gallery-icon portrait'>\n\t\t\t\t<a href='https:\/\/www.programapodcast.com.br\/v1\/2025\/04\/16\/vereador-jean-doriel-se-destaca-pelo-compromisso-constante-com-a-comunidade\/programa-podcast-vereador-jean-doriel-dia-16-de-abril-de-2025-10\/'><img width=\"150\" height=\"150\" src=\"https:\/\/www.programapodcast.com.br\/v1\/wp-content\/uploads\/2025\/04\/PROGRAMA-PODCAST-VEREADOR-JEAN-DORIEL-DIA-16-DE-ABRIL-DE-2025-10-150x150.jpg\" class=\"attachment-thumbnail size-thumbnail\" alt=\"\" decoding=\"async\" loading=\"lazy\" \/><\/a>\n\t\t\t<\/div><\/figure><figure class='gallery-item'>\n\t\t\t<div class='gallery-icon landscape'>\n\t\t\t\t<a href='https:\/\/www.programapodcast.com.br\/v1\/2025\/04\/16\/vereador-jean-doriel-se-destaca-pelo-compromisso-constante-com-a-comunidade\/programa-podcast-vereador-jean-doriel-dia-16-de-abril-de-2025-09\/'><img width=\"150\" height=\"150\" src=\"https:\/\/www.programapodcast.com.br\/v1\/wp-content\/uploads\/2025\/04\/PROGRAMA-PODCAST-VEREADOR-JEAN-DORIEL-DIA-16-DE-ABRIL-DE-2025-09-150x150.jpg\" class=\"attachment-thumbnail size-thumbnail\" alt=\"\" decoding=\"async\" loading=\"lazy\" \/><\/a>\n\t\t\t<\/div><\/figure><figure class='gallery-item'>\n\t\t\t<div class='gallery-icon landscape'>\n\t\t\t\t<a href='https:\/\/www.programapodcast.com.br\/v1\/2025\/04\/16\/vereador-jean-doriel-se-destaca-pelo-compromisso-constante-com-a-comunidade\/programa-podcast-vereador-jean-doriel-dia-16-de-abril-de-2025-07\/'><img width=\"150\" height=\"150\" src=\"https:\/\/www.programapodcast.com.br\/v1\/wp-content\/uploads\/2025\/04\/PROGRAMA-PODCAST-VEREADOR-JEAN-DORIEL-DIA-16-DE-ABRIL-DE-2025-07-150x150.jpg\" class=\"attachment-thumbnail size-thumbnail\" alt=\"\" decoding=\"async\" loading=\"lazy\" \/><\/a>\n\t\t\t<\/div><\/figure><figure class='gallery-item'>\n\t\t\t<div class='gallery-icon portrait'>\n\t\t\t\t<a href='https:\/\/www.programapodcast.com.br\/v1\/2025\/04\/16\/vereador-jean-doriel-se-destaca-pelo-compromisso-constante-com-a-comunidade\/programa-podcast-vereador-jean-doriel-dia-16-de-abril-de-2025-05\/'><img width=\"150\" height=\"150\" src=\"https:\/\/www.programapodcast.com.br\/v1\/wp-content\/uploads\/2025\/04\/PROGRAMA-PODCAST-VEREADOR-JEAN-DORIEL-DIA-16-DE-ABRIL-DE-2025-05-150x150.jpg\" class=\"attachment-thumbnail size-thumbnail\" alt=\"\" decoding=\"async\" loading=\"lazy\" \/><\/a>\n\t\t\t<\/div><\/figure><figure class='gallery-item'>\n\t\t\t<div class='gallery-icon landscape'>\n\t\t\t\t<a href='https:\/\/www.programapodcast.com.br\/v1\/2025\/04\/16\/vereador-jean-doriel-se-destaca-pelo-compromisso-constante-com-a-comunidade\/programa-podcast-vereador-jean-doriel-dia-16-de-abril-de-2025-04\/'><img width=\"150\" height=\"150\" src=\"https:\/\/www.programapodcast.com.br\/v1\/wp-content\/uploads\/2025\/04\/PROGRAMA-PODCAST-VEREADOR-JEAN-DORIEL-DIA-16-DE-ABRIL-DE-2025-04-150x150.jpg\" class=\"attachment-thumbnail size-thumbnail\" alt=\"\" decoding=\"async\" loading=\"lazy\" \/><\/a>\n\t\t\t<\/div><\/figure><figure class='gallery-item'>\n\t\t\t<div class='gallery-icon portrait'>\n\t\t\t\t<a href='https:\/\/www.programapodcast.com.br\/v1\/2025\/04\/16\/vereador-jean-doriel-se-destaca-pelo-compromisso-constante-com-a-comunidade\/programa-podcast-vereador-jean-doriel-dia-16-de-abril-de-2025-03\/'><img width=\"150\" height=\"150\" src=\"https:\/\/www.programapodcast.com.br\/v1\/wp-content\/uploads\/2025\/04\/PROGRAMA-PODCAST-VEREADOR-JEAN-DORIEL-DIA-16-DE-ABRIL-DE-2025-03-150x150.jpg\" class=\"attachment-thumbnail size-thumbnail\" alt=\"\" decoding=\"async\" loading=\"lazy\" \/><\/a>\n\t\t\t<\/div><\/figure><figure class='gallery-item'>\n\t\t\t<div class='gallery-icon portrait'>\n\t\t\t\t<a href='https:\/\/www.programapodcast.com.br\/v1\/2025\/04\/16\/vereador-jean-doriel-se-destaca-pelo-compromisso-constante-com-a-comunidade\/programa-podcast-vereador-jean-doriel-dia-16-de-abril-de-2025-01\/'><img width=\"150\" height=\"150\" src=\"https:\/\/www.programapodcast.com.br\/v1\/wp-content\/uploads\/2025\/04\/PROGRAMA-PODCAST-VEREADOR-JEAN-DORIEL-DIA-16-DE-ABRIL-DE-2025-01-150x150.jpg\" class=\"attachment-thumbnail size-thumbnail\" alt=\"\" decoding=\"async\" loading=\"lazy\" \/><\/a>\n\t\t\t<\/div><\/figure><figure class='gallery-item'>\n\t\t\t<div class='gallery-icon portrait'>\n\t\t\t\t<a href='https:\/\/www.programapodcast.com.br\/v1\/2025\/04\/16\/vereador-jean-doriel-se-destaca-pelo-compromisso-constante-com-a-comunidade\/programa-podcast-vereador-jean-doriel-dia-16-de-abril-de-2025\/'><img width=\"150\" height=\"150\" src=\"https:\/\/www.programapodcast.com.br\/v1\/wp-content\/uploads\/2025\/04\/PROGRAMA-PODCAST-VEREADOR-JEAN-DORIEL-DIA-16-DE-ABRIL-DE-2025--150x150.jpg\" class=\"attachment-thumbnail size-thumbnail\" alt=\"\" decoding=\"async\" loading=\"lazy\" \/><\/a>\n\t\t\t<\/div><\/figure>\n\t\t<\/div>\n\n","protected":false},"excerpt":{"rendered":"<p>Na noite desta quarta-feira, 16\/04, o vereador Jean Doriel (PL) participou do Programa PODCAST 92.3 da R\u00e1dio Fascina\u00e7\u00e3o FM, quando foi recepcionado e entrevistado pela dupla din\u00e2mica da comunica\u00e7\u00e3o: Joilson Filho e Wagner Ribeiro (Garganta de Ouro). Uma entrevista de excelente conte\u00fado, onde o edil fez um agradecimento todo especial a Deus pela vit\u00f3ria nas &hellip;<\/p>\n","protected":false},"author":3,"featured_media":14461,"comment_status":"closed","ping_status":"closed","sticky":false,"template":"","format":"standard","meta":{"_links_to":"","_links_to_target":""},"categories":[1],"tags":[],"views":421,"_links":{"self":[{"href":"https:\/\/www.programapodcast.com.br\/v1\/wp-json\/wp\/v2\/posts\/14452"}],"collection":[{"href":"https:\/\/www.programapodcast.com.br\/v1\/wp-json\/wp\/v2\/posts"}],"about":[{"href":"https:\/\/www.programapodcast.com.br\/v1\/wp-json\/wp\/v2\/types\/post"}],"author":[{"embeddable":true,"href":"https:\/\/www.programapodcast.com.br\/v1\/wp-json\/wp\/v2\/users\/3"}],"replies":[{"embeddable":true,"href":"https:\/\/www.programapodcast.com.br\/v1\/wp-json\/wp\/v2\/comments?post=14452"}],"version-history":[{"count":12,"href":"https:\/\/www.programapodcast.com.br\/v1\/wp-json\/wp\/v2\/posts\/14452\/revisions"}],"predecessor-version":[{"id":14474,"href":"https:\/\/www.programapodcast.com.br\/v1\/wp-json\/wp\/v2\/posts\/14452\/revisions\/14474"}],"wp:featuredmedia":[{"embeddable":true,"href":"https:\/\/www.programapodcast.com.br\/v1\/wp-json\/wp\/v2\/media\/14461"}],"wp:attachment":[{"href":"https:\/\/www.programapodcast.com.br\/v1\/wp-json\/wp\/v2\/media?parent=14452"}],"wp:term":[{"taxonomy":"category","embeddable":true,"href":"https:\/\/www.programapodcast.com.br\/v1\/wp-json\/wp\/v2\/categories?post=14452"},{"taxonomy":"post_tag","embeddable":true,"href":"https:\/\/www.programapodcast.com.br\/v1\/wp-json\/wp\/v2\/tags?post=14452"}],"curies":[{"name":"wp","href":"https:\/\/api.w.org\/{rel}","templated":true}]}}