{"id":1440,"date":"2021-09-09T16:29:05","date_gmt":"2021-09-09T19:29:05","guid":{"rendered":"https:\/\/www.programapodcast.com.br\/v1\/?p=1440"},"modified":"2021-09-09T16:29:05","modified_gmt":"2021-09-09T19:29:05","slug":"lira-ninguem-e-obrigado-a-cumprir-decisao-incostitucional-redacao-o-antagonista","status":"publish","type":"post","link":"https:\/\/www.programapodcast.com.br\/v1\/2021\/09\/09\/lira-ninguem-e-obrigado-a-cumprir-decisao-incostitucional-redacao-o-antagonista\/","title":{"rendered":"Lira: &#8220;Ningu\u00e9m \u00e9 obrigado a cumprir decis\u00e3o incostitucional&#8221; Reda\u00e7\u00e3o O Antagonista"},"content":{"rendered":"<p>Ap\u00f3s Fux dizer que Bolsonaro cometeu crime de responsabilidade, o presidente da C\u00e2mara afirmou que a assessoria jur\u00eddica da Casa est\u00e1 analisando o epis\u00f3dio<\/p>\n<p>Lira: \u201cNingu\u00e9m \u00e9 obrigado a cumprir decis\u00e3o incostitucional\u201d<\/p>\n<p>Foto: Maryanna Oliveira\/C\u00e2mara dos Deputados<\/p>\n<p>O presidente da C\u00e2mara, Arthur Lira, comentou h\u00e1 pouco o discurso de Luiz Fux sobre as amea\u00e7as de Jair Bolsonaro em 7 de Setembro. Ontem, o ministro do STF disse que o presidente cometeu crime de responsabilidade.<\/p>\n<p>&nbsp;<\/p>\n<p>Em entrevista coletiva na C\u00e2mara, Lira minimizou a fala de Fux e tentou relativizar o que disse Bolsonaro.<\/p>\n<p>&nbsp;<\/p>\n<p>Segundo o deputado, a assessoria jur\u00eddica da Casa est\u00e1 analisando as declara\u00e7\u00f5es do presidente.<\/p>\n<p>&nbsp;<\/p>\n<p>Lira citou a amea\u00e7a de Jair Bolsonaro de n\u00e3o cumprir decis\u00f5es judiciais de Alexandre de Moraes e afirmou que \u201cningu\u00e9m \u00e9 obrigado a cumprir decis\u00e3o inconstitucional\u201d.<\/p>\n<p>&nbsp;<\/p>\n<p>\u201cIsso a\u00ed \u00e9 uma an\u00e1lise que o Supremo teve da fala. Existem outras an\u00e1lises. N\u00f3s vamos esperar para ver os acontecimentos. A princ\u00edpio, a assessoria jur\u00eddica est\u00e1 acompanhando a fala na \u00edntegra. J\u00e1 temos alguns posicionamentos. Fala que decis\u00f5es inconstitucionais n\u00e3o seriam cumpridas. Ningu\u00e9m \u00e9 obrigado a cumprir decis\u00e3o inconstitucional. Uma decis\u00e3o correta da Justi\u00e7a todos n\u00f3s temos a obriga\u00e7\u00e3o de cumprir.\u201d<\/p>\n<p>&nbsp;<\/p>\n<p>O presidente da C\u00e2mara afirmou que o PP n\u00e3o se reuniu para discutir a possibilidade de impeachment.<\/p>\n<p>&nbsp;<\/p>\n<p>\u201cNa nossa bancada, n\u00e3o houve. O partido progressista n\u00e3o teve reuni\u00e3o para tratar desse assunto, que eu saiba n\u00e3o.\u201d<\/p>\n","protected":false},"excerpt":{"rendered":"<p>Ap\u00f3s Fux dizer que Bolsonaro cometeu crime de responsabilidade, o presidente da C\u00e2mara afirmou que a assessoria jur\u00eddica da Casa est\u00e1 analisando o epis\u00f3dio Lira: \u201cNingu\u00e9m \u00e9 obrigado a cumprir decis\u00e3o incostitucional\u201d Foto: Maryanna Oliveira\/C\u00e2mara dos Deputados O presidente da C\u00e2mara, Arthur Lira, comentou h\u00e1 pouco o discurso de Luiz Fux sobre as amea\u00e7as de &hellip;<\/p>\n","protected":false},"author":3,"featured_media":1441,"comment_status":"closed","ping_status":"closed","sticky":false,"template":"","format":"standard","meta":{"_links_to":"","_links_to_target":""},"categories":[1],"tags":[],"views":299,"_links":{"self":[{"href":"https:\/\/www.programapodcast.com.br\/v1\/wp-json\/wp\/v2\/posts\/1440"}],"collection":[{"href":"https:\/\/www.programapodcast.com.br\/v1\/wp-json\/wp\/v2\/posts"}],"about":[{"href":"https:\/\/www.programapodcast.com.br\/v1\/wp-json\/wp\/v2\/types\/post"}],"author":[{"embeddable":true,"href":"https:\/\/www.programapodcast.com.br\/v1\/wp-json\/wp\/v2\/users\/3"}],"replies":[{"embeddable":true,"href":"https:\/\/www.programapodcast.com.br\/v1\/wp-json\/wp\/v2\/comments?post=1440"}],"version-history":[{"count":1,"href":"https:\/\/www.programapodcast.com.br\/v1\/wp-json\/wp\/v2\/posts\/1440\/revisions"}],"predecessor-version":[{"id":1442,"href":"https:\/\/www.programapodcast.com.br\/v1\/wp-json\/wp\/v2\/posts\/1440\/revisions\/1442"}],"wp:featuredmedia":[{"embeddable":true,"href":"https:\/\/www.programapodcast.com.br\/v1\/wp-json\/wp\/v2\/media\/1441"}],"wp:attachment":[{"href":"https:\/\/www.programapodcast.com.br\/v1\/wp-json\/wp\/v2\/media?parent=1440"}],"wp:term":[{"taxonomy":"category","embeddable":true,"href":"https:\/\/www.programapodcast.com.br\/v1\/wp-json\/wp\/v2\/categories?post=1440"},{"taxonomy":"post_tag","embeddable":true,"href":"https:\/\/www.programapodcast.com.br\/v1\/wp-json\/wp\/v2\/tags?post=1440"}],"curies":[{"name":"wp","href":"https:\/\/api.w.org\/{rel}","templated":true}]}}