{"id":14177,"date":"2025-03-26T01:14:34","date_gmt":"2025-03-26T04:14:34","guid":{"rendered":"https:\/\/www.programapodcast.com.br\/v1\/?p=14177"},"modified":"2025-03-26T17:28:22","modified_gmt":"2025-03-26T20:28:22","slug":"1-encontro-de-mulheres-empoderadas-de-itapetinga-e-regiao-foi-um-sucesso-podcast923","status":"publish","type":"post","link":"https:\/\/www.programapodcast.com.br\/v1\/2025\/03\/26\/1-encontro-de-mulheres-empoderadas-de-itapetinga-e-regiao-foi-um-sucesso-podcast923\/","title":{"rendered":"1\u00ba ENCONTRO DE MULHERES EMPODERADAS DE ITAPETINGA E REGI\u00c3O FOI UM SUCESSO!"},"content":{"rendered":"<h4 style=\"text-align: justify\">De autoria e iniciativa do vereador Anderson da Nova (Uni\u00e3o Brasil), eleito para o seu terceiro mandato, aconteceu no plen\u00e1rio da C\u00e2mara de Vereadores de Itapetinga na manh\u00e3 desta ter\u00e7a-feira, 25, o 1\u00ba ENCONTRO DE MULHERES EMPODERADAS, que contou com a presen\u00e7a de muitas autoridades, incluindo o prefeito Eduardo Hagge (MDB), pol\u00edticos locais e vereadores do Uni\u00e3o Brasil de alguns munic\u00edpios da regi\u00e3o, comunidade em geral, convidados especiais, mulheres que foram homenageadas, a exemplo da prefeita de Vit\u00f3ria da Conquista, Sheila Lemos, Zez\u00e9 Hagge \u2013 Primeira dama e secret\u00e1ria de desenvolvimento social; Solange Anat\u00f3lio do Esp\u00edrito Santo (Promotora de Justi\u00e7a de Itapetinga); Monalisa Tavares (Prefeita de Ibicara\u00ed); Marcelle Moraes (Vereadora de Salvador); Mara R\u00fabia (Advogada e Presidente do Uni\u00e3o Brasil Mulheres Itapetinga); Marl\u00fazia Mota (Servidora Municipal); Pastora Josec\u00e9lia de Abreu (Igreja do Evangelho Quadrangular da Urbis); Marilene Correia Borges (Catadora de Material Recicl\u00e1vel).<\/h4>\n<h4 style=\"text-align: justify\">O plen\u00e1rio da C\u00e2mara ficou pequeno para tanta gente, mas com um jeitinho brasileiro, comportou centenas de pessoas que n\u00e3o se importaram de permanecer em p\u00e9 do in\u00edcio ao final do evento. O ENCONTRO homenageou dezenas de mulheres que trabalham no servi\u00e7o p\u00fablico, todas as secretarias, departamentos e autarquias (Guarda Municipal, COMUTRAN e SAAE) escolheram uma representante para receber o Certificado de Mulher Empoderada sob aplauso da plateia.<\/h4>\n<h4 style=\"text-align: justify\">\u201cEsse primeiro Encontro de Mulheres Empoderadas foi\u00a0 um grande marco, um evento de grande porte, representantivo, que demonstrou a import\u00e2ncia dessas mulheres que j\u00e1 conquistaram seu espa\u00e7o na sociedade, que vieram de v\u00e1rios lugares nos prestigiar e serem homenageadas. Trabalhamos na defesa da mulher o ano todo, mas como o m\u00eas de mar\u00e7o \u00e9 dedicado \u00e0 cada uma delas, tivemos a ideia do evento para homenage\u00e1-las em grande estilo\u201d, disse Anderson da Nova (Uni\u00e3o Brasil de Itapetinga).<\/h4>\n<h4 style=\"text-align: justify\">\u201c\u00c9 uma honra muito grande receber essa homenagem juntamente com mulheres maravilhosas de Itapetinga, ao tempo em que parabenizo o vereador Anderson da Nova pela brilhante inicitiva. O m\u00eas de mar\u00e7o \u00e9 muito importante para n\u00f3s mulheres lembrarmos da nossa luta, o quanto j\u00e1 caminhamos at\u00e9 aqui, o quanto j\u00e1 conquistamos, esse \u00e9 um momento de luta e de uni\u00e3o\u201d, pontuou Sheila Lemos.<\/h4>\n<h4 style=\"text-align: justify\">\u201cEstou muito feliz e sinto-me honrada de ser promotora de justi\u00e7a dessa cidade, pois somente neste m\u00eas, j\u00e1 \u00e9 o quarto evento em homenagem \u00e0s mulheres. Quero parabenizar o vereador Anderson da Nova pela iniciativa, pela defesa da mulher, pela qualidade do evento com plen\u00e1rio lotado, onde conhecemos mulheres verdadeiramente empoderadas, a exemplo da servidora p\u00fablica Marl\u00fazia Mota e Marilene Borges (catadora de material recicl\u00e1vel) que receberam uma justa homenagem\u201d, pontuou Solange Anat\u00f3lio.<\/h4>\n<h4 style=\"text-align: justify\">\u201c\u00c9 uma honra participar desse evento que homanageia as mulheres de Itapetinga e regi\u00e3o, mulheres que conquistaram seu espa\u00e7o na pol\u00edtica, na sociedade, que s\u00e3o protagonistas. O evento realizado na casa do povo com plen\u00e1rio lotado nos deixou muito felizes. O vereador Anderson da Nova (Uni\u00e3o\u00a0 Brasil) est\u00e1 de parab\u00e9ns pela iniciativa de realizar um evento que contemplasse todas as mulheres\u201d, disse Eduardo Hagge (MDB).<\/h4>\n<h4 style=\"text-align: justify\">\u201cO empoderamento da mulher come\u00e7a em Deus, quando Ele idealizou a mulher, conforme G\u00eanesis 2:18 que diz \u201c<span class=\"t\" data-v=\".18.\">E disse o Senhor Deus: N\u00e3o \u00e9 bom que o homem esteja s\u00f3; far-lhe-ei uma ajudadora id\u00f4nea para ele\u201d, pois a humanidade sem a mulher seria algo terr\u00edvel. Deus fez a mulher com todo seu jeito carinhoso de ser, com sua ess\u00eancia, beleza, do\u00e7ura, gentileza, um ser extremamente delicado feito pelo Senhor para estar conosco\u201d, enfatizou Odinei Ferreira.<\/span><\/h4>\n<h4 style=\"text-align: justify\"><span class=\"t\" data-v=\".18.\">\u201c\u00c9 um evento muito importante e representativo, onde n\u00f3s mulheres fomos homenageadas por iniciativa do vereador Anderson da Nova (Uni\u00e3o Brasil). J\u00e1 tivemos muitos avan\u00e7os, mas ainda h\u00e1 muito a ser conquistado. Conhecemos neste evento a hist\u00f3ria de luta e supera\u00e7\u00e3o de muitas mulheres que s\u00e3o protagonistas do nosso munic\u00edpio\u201d, disse D. Zez\u00e9 Hagge.<\/span><\/h4>\n<div id='gallery-1' class='gallery galleryid-14177 gallery-columns-3 gallery-size-thumbnail'><figure class='gallery-item'>\n\t\t\t<div class='gallery-icon portrait'>\n\t\t\t\t<a href='https:\/\/www.programapodcast.com.br\/v1\/2025\/03\/26\/1-encontro-de-mulheres-empoderadas-de-itapetinga-e-regiao-foi-um-sucesso-podcast923\/1o-encontro-de-mulheres-empoderadas-dia-25-de-marco-de-2025-110\/'><img width=\"150\" height=\"150\" src=\"https:\/\/www.programapodcast.com.br\/v1\/wp-content\/uploads\/2025\/03\/1o-ENCONTRO-DE-MULHERES-EMPODERADAS-DIA-25-DE-MARCO-DE-2025-110-150x150.jpg\" class=\"attachment-thumbnail size-thumbnail\" alt=\"\" decoding=\"async\" loading=\"lazy\" \/><\/a>\n\t\t\t<\/div><\/figure><figure class='gallery-item'>\n\t\t\t<div class='gallery-icon portrait'>\n\t\t\t\t<a href='https:\/\/www.programapodcast.com.br\/v1\/2025\/03\/26\/1-encontro-de-mulheres-empoderadas-de-itapetinga-e-regiao-foi-um-sucesso-podcast923\/1o-encontro-de-mulheres-empoderadas-dia-25-de-marco-de-2025-107\/'><img width=\"150\" height=\"150\" src=\"https:\/\/www.programapodcast.com.br\/v1\/wp-content\/uploads\/2025\/03\/1o-ENCONTRO-DE-MULHERES-EMPODERADAS-DIA-25-DE-MARCO-DE-2025-107-150x150.jpg\" class=\"attachment-thumbnail size-thumbnail\" alt=\"\" decoding=\"async\" loading=\"lazy\" \/><\/a>\n\t\t\t<\/div><\/figure><figure class='gallery-item'>\n\t\t\t<div class='gallery-icon landscape'>\n\t\t\t\t<a href='https:\/\/www.programapodcast.com.br\/v1\/2025\/03\/26\/1-encontro-de-mulheres-empoderadas-de-itapetinga-e-regiao-foi-um-sucesso-podcast923\/1o-encontro-de-mulheres-empoderadas-dia-25-de-marco-de-2025-90\/'><img width=\"150\" height=\"150\" src=\"https:\/\/www.programapodcast.com.br\/v1\/wp-content\/uploads\/2025\/03\/1o-ENCONTRO-DE-MULHERES-EMPODERADAS-DIA-25-DE-MARCO-DE-2025-90-150x150.jpg\" class=\"attachment-thumbnail size-thumbnail\" alt=\"\" decoding=\"async\" loading=\"lazy\" \/><\/a>\n\t\t\t<\/div><\/figure><figure class='gallery-item'>\n\t\t\t<div class='gallery-icon landscape'>\n\t\t\t\t<a href='https:\/\/www.programapodcast.com.br\/v1\/2025\/03\/26\/1-encontro-de-mulheres-empoderadas-de-itapetinga-e-regiao-foi-um-sucesso-podcast923\/1o-encontro-de-mulheres-empoderadas-dia-25-de-marco-de-2025-81\/'><img width=\"150\" height=\"150\" src=\"https:\/\/www.programapodcast.com.br\/v1\/wp-content\/uploads\/2025\/03\/1o-ENCONTRO-DE-MULHERES-EMPODERADAS-DIA-25-DE-MARCO-DE-2025-81-150x150.jpg\" class=\"attachment-thumbnail size-thumbnail\" alt=\"\" decoding=\"async\" loading=\"lazy\" \/><\/a>\n\t\t\t<\/div><\/figure><figure class='gallery-item'>\n\t\t\t<div class='gallery-icon landscape'>\n\t\t\t\t<a href='https:\/\/www.programapodcast.com.br\/v1\/2025\/03\/26\/1-encontro-de-mulheres-empoderadas-de-itapetinga-e-regiao-foi-um-sucesso-podcast923\/1o-encontro-de-mulheres-empoderadas-dia-25-de-marco-de-2025-50\/'><img width=\"150\" height=\"150\" src=\"https:\/\/www.programapodcast.com.br\/v1\/wp-content\/uploads\/2025\/03\/1o-ENCONTRO-DE-MULHERES-EMPODERADAS-DIA-25-DE-MARCO-DE-2025-50-150x150.jpg\" class=\"attachment-thumbnail size-thumbnail\" alt=\"\" decoding=\"async\" loading=\"lazy\" \/><\/a>\n\t\t\t<\/div><\/figure><figure class='gallery-item'>\n\t\t\t<div class='gallery-icon portrait'>\n\t\t\t\t<a href='https:\/\/www.programapodcast.com.br\/v1\/2025\/03\/26\/1-encontro-de-mulheres-empoderadas-de-itapetinga-e-regiao-foi-um-sucesso-podcast923\/1o-encontro-de-mulheres-empoderadas-dia-25-de-marco-de-2025-48\/'><img width=\"150\" height=\"150\" src=\"https:\/\/www.programapodcast.com.br\/v1\/wp-content\/uploads\/2025\/03\/1o-ENCONTRO-DE-MULHERES-EMPODERADAS-DIA-25-DE-MARCO-DE-2025-48-150x150.jpg\" class=\"attachment-thumbnail size-thumbnail\" alt=\"\" decoding=\"async\" loading=\"lazy\" \/><\/a>\n\t\t\t<\/div><\/figure><figure class='gallery-item'>\n\t\t\t<div class='gallery-icon portrait'>\n\t\t\t\t<a href='https:\/\/www.programapodcast.com.br\/v1\/2025\/03\/26\/1-encontro-de-mulheres-empoderadas-de-itapetinga-e-regiao-foi-um-sucesso-podcast923\/1o-encontro-de-mulheres-empoderadas-dia-25-de-marco-de-2025-42\/'><img width=\"150\" height=\"150\" src=\"https:\/\/www.programapodcast.com.br\/v1\/wp-content\/uploads\/2025\/03\/1o-ENCONTRO-DE-MULHERES-EMPODERADAS-DIA-25-DE-MARCO-DE-2025-42-150x150.jpg\" class=\"attachment-thumbnail size-thumbnail\" alt=\"\" decoding=\"async\" loading=\"lazy\" srcset=\"https:\/\/www.programapodcast.com.br\/v1\/wp-content\/uploads\/2025\/03\/1o-ENCONTRO-DE-MULHERES-EMPODERADAS-DIA-25-DE-MARCO-DE-2025-42-150x150.jpg 150w, https:\/\/www.programapodcast.com.br\/v1\/wp-content\/uploads\/2025\/03\/1o-ENCONTRO-DE-MULHERES-EMPODERADAS-DIA-25-DE-MARCO-DE-2025-42-409x405.jpg 409w\" sizes=\"(max-width: 150px) 100vw, 150px\" \/><\/a>\n\t\t\t<\/div><\/figure><figure class='gallery-item'>\n\t\t\t<div class='gallery-icon portrait'>\n\t\t\t\t<a href='https:\/\/www.programapodcast.com.br\/v1\/2025\/03\/26\/1-encontro-de-mulheres-empoderadas-de-itapetinga-e-regiao-foi-um-sucesso-podcast923\/1o-encontro-de-mulheres-empoderadas-dia-25-de-marco-de-2025-37\/'><img width=\"150\" height=\"150\" src=\"https:\/\/www.programapodcast.com.br\/v1\/wp-content\/uploads\/2025\/03\/1o-ENCONTRO-DE-MULHERES-EMPODERADAS-DIA-25-DE-MARCO-DE-2025-37-150x150.jpg\" class=\"attachment-thumbnail size-thumbnail\" alt=\"\" decoding=\"async\" loading=\"lazy\" \/><\/a>\n\t\t\t<\/div><\/figure><figure class='gallery-item'>\n\t\t\t<div class='gallery-icon portrait'>\n\t\t\t\t<a href='https:\/\/www.programapodcast.com.br\/v1\/2025\/03\/26\/1-encontro-de-mulheres-empoderadas-de-itapetinga-e-regiao-foi-um-sucesso-podcast923\/1o-encontro-de-mulheres-empoderadas-dia-25-de-marco-de-2025-20\/'><img width=\"150\" height=\"150\" src=\"https:\/\/www.programapodcast.com.br\/v1\/wp-content\/uploads\/2025\/03\/1o-ENCONTRO-DE-MULHERES-EMPODERADAS-DIA-25-DE-MARCO-DE-2025-20-150x150.jpg\" class=\"attachment-thumbnail size-thumbnail\" alt=\"\" decoding=\"async\" loading=\"lazy\" \/><\/a>\n\t\t\t<\/div><\/figure><figure class='gallery-item'>\n\t\t\t<div class='gallery-icon portrait'>\n\t\t\t\t<a href='https:\/\/www.programapodcast.com.br\/v1\/2025\/03\/26\/1-encontro-de-mulheres-empoderadas-de-itapetinga-e-regiao-foi-um-sucesso-podcast923\/1o-encontro-de-mulheres-empoderadas-dia-25-de-marco-de-2025-1\/'><img width=\"150\" height=\"150\" src=\"https:\/\/www.programapodcast.com.br\/v1\/wp-content\/uploads\/2025\/03\/1o-ENCONTRO-DE-MULHERES-EMPODERADAS-DIA-25-DE-MARCO-DE-2025-1-150x150.jpg\" class=\"attachment-thumbnail size-thumbnail\" alt=\"\" decoding=\"async\" loading=\"lazy\" \/><\/a>\n\t\t\t<\/div><\/figure><figure class='gallery-item'>\n\t\t\t<div class='gallery-icon portrait'>\n\t\t\t\t<a href='https:\/\/www.programapodcast.com.br\/v1\/2025\/03\/26\/1-encontro-de-mulheres-empoderadas-de-itapetinga-e-regiao-foi-um-sucesso-podcast923\/1o-encontro-de-mulheres-empoderadas-dia-25-de-marco-de-2025-8\/'><img width=\"150\" height=\"150\" src=\"https:\/\/www.programapodcast.com.br\/v1\/wp-content\/uploads\/2025\/03\/1o-ENCONTRO-DE-MULHERES-EMPODERADAS-DIA-25-DE-MARCO-DE-2025-8-150x150.jpg\" class=\"attachment-thumbnail size-thumbnail\" alt=\"\" decoding=\"async\" loading=\"lazy\" \/><\/a>\n\t\t\t<\/div><\/figure><figure class='gallery-item'>\n\t\t\t<div class='gallery-icon landscape'>\n\t\t\t\t<a href='https:\/\/www.programapodcast.com.br\/v1\/2025\/03\/26\/1-encontro-de-mulheres-empoderadas-de-itapetinga-e-regiao-foi-um-sucesso-podcast923\/1o-encontro-de-mulheres-empoderadas-dia-25-de-marco-de-2025-12\/'><img width=\"150\" height=\"150\" src=\"https:\/\/www.programapodcast.com.br\/v1\/wp-content\/uploads\/2025\/03\/1o-ENCONTRO-DE-MULHERES-EMPODERADAS-DIA-25-DE-MARCO-DE-2025-12-150x150.jpg\" class=\"attachment-thumbnail size-thumbnail\" alt=\"\" decoding=\"async\" loading=\"lazy\" \/><\/a>\n\t\t\t<\/div><\/figure><figure class='gallery-item'>\n\t\t\t<div class='gallery-icon landscape'>\n\t\t\t\t<a href='https:\/\/www.programapodcast.com.br\/v1\/2025\/03\/26\/1-encontro-de-mulheres-empoderadas-de-itapetinga-e-regiao-foi-um-sucesso-podcast923\/1o-encontro-de-mulheres-empoderadas-dia-25-de-marco-de-2025-18\/'><img width=\"150\" height=\"150\" src=\"https:\/\/www.programapodcast.com.br\/v1\/wp-content\/uploads\/2025\/03\/1o-ENCONTRO-DE-MULHERES-EMPODERADAS-DIA-25-DE-MARCO-DE-2025-18-150x150.jpg\" class=\"attachment-thumbnail size-thumbnail\" alt=\"\" decoding=\"async\" loading=\"lazy\" \/><\/a>\n\t\t\t<\/div><\/figure>\n\t\t<\/div>\n\n","protected":false},"excerpt":{"rendered":"<p>De autoria e iniciativa do vereador Anderson da Nova (Uni\u00e3o Brasil), eleito para o seu terceiro mandato, aconteceu no plen\u00e1rio da C\u00e2mara de Vereadores de Itapetinga na manh\u00e3 desta ter\u00e7a-feira, 25, o 1\u00ba ENCONTRO DE MULHERES EMPODERADAS, que contou com a presen\u00e7a de muitas autoridades, incluindo o prefeito Eduardo Hagge (MDB), pol\u00edticos locais e vereadores &hellip;<\/p>\n","protected":false},"author":3,"featured_media":14192,"comment_status":"closed","ping_status":"closed","sticky":false,"template":"","format":"standard","meta":{"_links_to":"","_links_to_target":""},"categories":[1],"tags":[],"views":385,"_links":{"self":[{"href":"https:\/\/www.programapodcast.com.br\/v1\/wp-json\/wp\/v2\/posts\/14177"}],"collection":[{"href":"https:\/\/www.programapodcast.com.br\/v1\/wp-json\/wp\/v2\/posts"}],"about":[{"href":"https:\/\/www.programapodcast.com.br\/v1\/wp-json\/wp\/v2\/types\/post"}],"author":[{"embeddable":true,"href":"https:\/\/www.programapodcast.com.br\/v1\/wp-json\/wp\/v2\/users\/3"}],"replies":[{"embeddable":true,"href":"https:\/\/www.programapodcast.com.br\/v1\/wp-json\/wp\/v2\/comments?post=14177"}],"version-history":[{"count":1,"href":"https:\/\/www.programapodcast.com.br\/v1\/wp-json\/wp\/v2\/posts\/14177\/revisions"}],"predecessor-version":[{"id":14191,"href":"https:\/\/www.programapodcast.com.br\/v1\/wp-json\/wp\/v2\/posts\/14177\/revisions\/14191"}],"wp:featuredmedia":[{"embeddable":true,"href":"https:\/\/www.programapodcast.com.br\/v1\/wp-json\/wp\/v2\/media\/14192"}],"wp:attachment":[{"href":"https:\/\/www.programapodcast.com.br\/v1\/wp-json\/wp\/v2\/media?parent=14177"}],"wp:term":[{"taxonomy":"category","embeddable":true,"href":"https:\/\/www.programapodcast.com.br\/v1\/wp-json\/wp\/v2\/categories?post=14177"},{"taxonomy":"post_tag","embeddable":true,"href":"https:\/\/www.programapodcast.com.br\/v1\/wp-json\/wp\/v2\/tags?post=14177"}],"curies":[{"name":"wp","href":"https:\/\/api.w.org\/{rel}","templated":true}]}}