{"id":13252,"date":"2025-01-19T09:48:05","date_gmt":"2025-01-19T12:48:05","guid":{"rendered":"https:\/\/www.programapodcast.com.br\/v1\/?p=13252"},"modified":"2025-01-19T09:48:05","modified_gmt":"2025-01-19T12:48:05","slug":"supermercados-657-apontam-alta-de-precos-com-lula","status":"publish","type":"post","link":"https:\/\/www.programapodcast.com.br\/v1\/2025\/01\/19\/supermercados-657-apontam-alta-de-precos-com-lula\/","title":{"rendered":"SUPERMERCADOS: 65,7% APONTAM ALTA DE PRE\u00c7OS COM LULA"},"content":{"rendered":"<p class=\"western\" align=\"justify\"><span style=\"font-family: Tahoma\"><span style=\"font-size: large\"><span style=\"color: #000000\">Pesquisa divulgada pelo Instituto Paran\u00e1 Pesquisas revela que 65,7% dos brasileiros perceberam um aumento nos pre\u00e7os dos supermercados desde que o presidente Lula voltou ao poder. Apenas 11,6% acreditam que os pre\u00e7os diminu\u00edram, enquanto 20,6% afirmaram que permaneceram iguais.<\/span><\/span><\/span><\/p>\n<p align=\"justify\"><img decoding=\"async\" loading=\"lazy\" class=\"size-full wp-image-13254 aligncenter\" src=\"https:\/\/www.programapodcast.com.br\/v1\/wp-content\/uploads\/2025\/01\/PPL-01.jpg\" alt=\"\" width=\"600\" height=\"400\" srcset=\"https:\/\/www.programapodcast.com.br\/v1\/wp-content\/uploads\/2025\/01\/PPL-01.jpg 600w, https:\/\/www.programapodcast.com.br\/v1\/wp-content\/uploads\/2025\/01\/PPL-01-300x200.jpg 300w\" sizes=\"(max-width: 600px) 100vw, 600px\" \/><\/p>\n<p class=\"western\" align=\"justify\"><span style=\"font-family: Tahoma\"><span style=\"font-size: large\"><span style=\"color: #000000\">A pesquisa tamb\u00e9m revela a percep\u00e7\u00e3o da popula\u00e7\u00e3o sobre a sua situa\u00e7\u00e3o financeira sob o governo de Lula. Segundo os dados, 33,2% afirmam que sua situa\u00e7\u00e3o piorou, 41,5% alegam que permaneceu a mesma, e apenas 23,9% indicam uma melhora.<\/span><\/span><\/span><\/p>\n<p align=\"justify\"><img decoding=\"async\" loading=\"lazy\" class=\"size-full wp-image-13255 aligncenter\" src=\"https:\/\/www.programapodcast.com.br\/v1\/wp-content\/uploads\/2025\/01\/PPL-02.jpg\" alt=\"\" width=\"600\" height=\"400\" srcset=\"https:\/\/www.programapodcast.com.br\/v1\/wp-content\/uploads\/2025\/01\/PPL-02.jpg 600w, https:\/\/www.programapodcast.com.br\/v1\/wp-content\/uploads\/2025\/01\/PPL-02-300x200.jpg 300w\" sizes=\"(max-width: 600px) 100vw, 600px\" \/><\/p>\n<p class=\"western\" align=\"justify\"><span style=\"font-family: Tahoma\"><span style=\"font-size: large\"><span style=\"color: #000000\">O instituto realizou entrevistas com 2.018 pessoas, com 16 anos ou mais, em 26 estados e no Distrito Federal, entre os dias 07 a 10 de janeiro de 2025.<\/span><\/span><\/span><\/p>\n","protected":false},"excerpt":{"rendered":"<p>Pesquisa divulgada pelo Instituto Paran\u00e1 Pesquisas revela que 65,7% dos brasileiros perceberam um aumento nos pre\u00e7os dos supermercados desde que o presidente Lula voltou ao poder. Apenas 11,6% acreditam que os pre\u00e7os diminu\u00edram, enquanto 20,6% afirmaram que permaneceram iguais. A pesquisa tamb\u00e9m revela a percep\u00e7\u00e3o da popula\u00e7\u00e3o sobre a sua situa\u00e7\u00e3o financeira sob o governo &hellip;<\/p>\n","protected":false},"author":3,"featured_media":13253,"comment_status":"closed","ping_status":"closed","sticky":false,"template":"","format":"standard","meta":{"_links_to":"","_links_to_target":""},"categories":[17],"tags":[],"views":293,"_links":{"self":[{"href":"https:\/\/www.programapodcast.com.br\/v1\/wp-json\/wp\/v2\/posts\/13252"}],"collection":[{"href":"https:\/\/www.programapodcast.com.br\/v1\/wp-json\/wp\/v2\/posts"}],"about":[{"href":"https:\/\/www.programapodcast.com.br\/v1\/wp-json\/wp\/v2\/types\/post"}],"author":[{"embeddable":true,"href":"https:\/\/www.programapodcast.com.br\/v1\/wp-json\/wp\/v2\/users\/3"}],"replies":[{"embeddable":true,"href":"https:\/\/www.programapodcast.com.br\/v1\/wp-json\/wp\/v2\/comments?post=13252"}],"version-history":[{"count":1,"href":"https:\/\/www.programapodcast.com.br\/v1\/wp-json\/wp\/v2\/posts\/13252\/revisions"}],"predecessor-version":[{"id":13256,"href":"https:\/\/www.programapodcast.com.br\/v1\/wp-json\/wp\/v2\/posts\/13252\/revisions\/13256"}],"wp:featuredmedia":[{"embeddable":true,"href":"https:\/\/www.programapodcast.com.br\/v1\/wp-json\/wp\/v2\/media\/13253"}],"wp:attachment":[{"href":"https:\/\/www.programapodcast.com.br\/v1\/wp-json\/wp\/v2\/media?parent=13252"}],"wp:term":[{"taxonomy":"category","embeddable":true,"href":"https:\/\/www.programapodcast.com.br\/v1\/wp-json\/wp\/v2\/categories?post=13252"},{"taxonomy":"post_tag","embeddable":true,"href":"https:\/\/www.programapodcast.com.br\/v1\/wp-json\/wp\/v2\/tags?post=13252"}],"curies":[{"name":"wp","href":"https:\/\/api.w.org\/{rel}","templated":true}]}}