{"id":12998,"date":"2024-12-24T23:43:33","date_gmt":"2024-12-25T02:43:33","guid":{"rendered":"https:\/\/www.programapodcast.com.br\/v1\/?p=12998"},"modified":"2024-12-24T23:45:15","modified_gmt":"2024-12-25T02:45:15","slug":"itapetinga-ex-prefeito-jose-carlos-moura-e-o-aniversariante-desta-terca-feira","status":"publish","type":"post","link":"https:\/\/www.programapodcast.com.br\/v1\/2024\/12\/24\/itapetinga-ex-prefeito-jose-carlos-moura-e-o-aniversariante-desta-terca-feira\/","title":{"rendered":"Itapetinga: ex-Prefeito Jos\u00e9 Carlos Moura \u00e9 o aniversariante desta ter\u00e7a-feira"},"content":{"rendered":"<p class=\"western\" align=\"justify\"><span style=\"font-family: Tahoma\"><span style=\"font-size: large\"><span style=\"color: #000000\">Os parab\u00e9ns nesta ter\u00e7a-feira, 24 de dezembro, v\u00e3o para o ex-prefeito de Itapetinga Jos\u00e9 Carlos Moura (PT). Moura comemoou mais um anivers\u00e1rio nesta data e recebeu os parab\u00e9ns de familiares e amigos.<\/span><\/span><\/span><\/p>\n<p class=\"western\" align=\"justify\"><span style=\"font-family: Tahoma\"><span style=\"font-size: large\"><span style=\"color: #000000\">Prefeito por dois mandatos em Itapetinga, o ent\u00e3o gestor trouxe in\u00fameras obras para o munic\u00edpio durante sua administra\u00e7\u00e3o petista, entre elas, o SAMU 192, \u00e1gua pot\u00e1vel para o Povoado de Palmares, 3 mil casas, UPA 24 horas, asfalto nas principais avenidas e muitos outros benef\u00edcios para a popula\u00e7\u00e3o.<\/span><\/span><\/span><\/p>\n<p class=\"western\" align=\"justify\"><span style=\"font-family: Tahoma\"><span style=\"font-size: large\"><span style=\"color: #000000\">Al\u00e9m de todas as obras e avan\u00e7os durante sua gest\u00e3o, Jos\u00e9 Carlos Moura continua sendo um s\u00edmbolo que, at\u00e9 os dias de hoje, representa o avan\u00e7o da sa\u00fade na maior cidade do M\u00e9dio Sudoeste baiano. Hoje, as principais ferramentas da sa\u00fade p\u00fablica de Itapetinga levam a marca da administra\u00e7\u00e3o do ex-prefeito Jos\u00e9 Carlos Moura.<\/span><\/span><\/span><\/p>\n<p class=\"western\" align=\"justify\"><span style=\"font-family: Tahoma\"><span style=\"font-size: large\"><span style=\"color: #000000\">Que seja uma data repleta de alegria, muitas felicidades e sa\u00fade ao nosso ex-gestor. Parab\u00e9ns, Jos\u00e9 Carlos Moura!<\/span><\/span><\/span><\/p>\n","protected":false},"excerpt":{"rendered":"<p>Os parab\u00e9ns nesta ter\u00e7a-feira, 24 de dezembro, v\u00e3o para o ex-prefeito de Itapetinga Jos\u00e9 Carlos Moura (PT). Moura comemoou mais um anivers\u00e1rio nesta data e recebeu os parab\u00e9ns de familiares e amigos. Prefeito por dois mandatos em Itapetinga, o ent\u00e3o gestor trouxe in\u00fameras obras para o munic\u00edpio durante sua administra\u00e7\u00e3o petista, entre elas, o SAMU &hellip;<\/p>\n","protected":false},"author":3,"featured_media":13000,"comment_status":"closed","ping_status":"closed","sticky":false,"template":"","format":"standard","meta":{"_links_to":"","_links_to_target":""},"categories":[13],"tags":[],"views":266,"_links":{"self":[{"href":"https:\/\/www.programapodcast.com.br\/v1\/wp-json\/wp\/v2\/posts\/12998"}],"collection":[{"href":"https:\/\/www.programapodcast.com.br\/v1\/wp-json\/wp\/v2\/posts"}],"about":[{"href":"https:\/\/www.programapodcast.com.br\/v1\/wp-json\/wp\/v2\/types\/post"}],"author":[{"embeddable":true,"href":"https:\/\/www.programapodcast.com.br\/v1\/wp-json\/wp\/v2\/users\/3"}],"replies":[{"embeddable":true,"href":"https:\/\/www.programapodcast.com.br\/v1\/wp-json\/wp\/v2\/comments?post=12998"}],"version-history":[{"count":3,"href":"https:\/\/www.programapodcast.com.br\/v1\/wp-json\/wp\/v2\/posts\/12998\/revisions"}],"predecessor-version":[{"id":13003,"href":"https:\/\/www.programapodcast.com.br\/v1\/wp-json\/wp\/v2\/posts\/12998\/revisions\/13003"}],"wp:featuredmedia":[{"embeddable":true,"href":"https:\/\/www.programapodcast.com.br\/v1\/wp-json\/wp\/v2\/media\/13000"}],"wp:attachment":[{"href":"https:\/\/www.programapodcast.com.br\/v1\/wp-json\/wp\/v2\/media?parent=12998"}],"wp:term":[{"taxonomy":"category","embeddable":true,"href":"https:\/\/www.programapodcast.com.br\/v1\/wp-json\/wp\/v2\/categories?post=12998"},{"taxonomy":"post_tag","embeddable":true,"href":"https:\/\/www.programapodcast.com.br\/v1\/wp-json\/wp\/v2\/tags?post=12998"}],"curies":[{"name":"wp","href":"https:\/\/api.w.org\/{rel}","templated":true}]}}