{"id":12730,"date":"2024-11-16T23:00:22","date_gmt":"2024-11-17T02:00:22","guid":{"rendered":"https:\/\/www.programapodcast.com.br\/v1\/?p=12730"},"modified":"2024-11-16T23:00:22","modified_gmt":"2024-11-17T02:00:22","slug":"geraldo-trindade-membro-da-equipe-de-transicao-do-prefeito-eduardo-hagge-fala-sobre-os-preparativos","status":"publish","type":"post","link":"https:\/\/www.programapodcast.com.br\/v1\/2024\/11\/16\/geraldo-trindade-membro-da-equipe-de-transicao-do-prefeito-eduardo-hagge-fala-sobre-os-preparativos\/","title":{"rendered":"GERALDO TRINDADE (MEMBRO DA EQUIPE DE TRANSI\u00c7\u00c3O DO PREFEITO EDUARDO HAGGE) FALA SOBRE OS PREPARATIVOS"},"content":{"rendered":"<h4 style=\"text-align: justify\">O secret\u00e1rio de educa\u00e7\u00e3o de Itapetinga, professor Geraldo Trindade, membro da coordena\u00e7\u00e3o de campanha do prefeito eleito Eduardo Hagge, que integra a Comiss\u00e3o de Transi\u00e7\u00e3o de Governo, foi entrevistado neste s\u00e1bado, 16, no Programa Na Boca Especial de S\u00e1bado, apresentado por Z\u00e9 Elias e Bony Cordeiro.<\/h4>\n<h4 style=\"text-align: justify\">A entrevista foi ampla e abordou muitos assuntos, principalmente sobre os preparativos para a transi\u00e7\u00e3o de governo, sobre a estrutura administrativa, secretarias, desmembramento de algumas e cria\u00e7\u00e3o de outras, perfil t\u00e9cnico e pol\u00edtico da equipe administrativa de Eduardo, entre outros assuntos.<\/h4>\n<h4 style=\"text-align: justify\">Inicialmente Geraldo Trindade falou sobre o per\u00edodo p\u00f3s elei\u00e7\u00e3o, em que Eduardo Hagge e fam\u00edlia tiveram uma verdadeira maratona de entrevistas, reuni\u00f5es e muito di\u00e1logo sobre o que pensam para 1\u00ba de janeiro de 2025.<\/h4>\n<h4 style=\"text-align: justify\">Falou sobre o decreto que criou a Comiss\u00e3o de Transi\u00e7\u00e3o de Governo, que escolheu os seguintes nomes: Geraldo Trindade, Al\u00e9cio Chaves (vice-prefeito eleito), Ayrton Ferraz, Carlito Ferraz, Marco Correia, Sisinio Galv\u00e3o, e o representante do atual governo, o advogado Fabr\u00edcio Moreira. Desde que foi criada, a comiss\u00e3o vem trabalhando com muita intensidade, oficializando todas as secretarias, requisitando todas as informa\u00e7\u00f5es necess\u00e1rias para o processo de transi\u00e7\u00e3o.<\/h4>\n<h4 style=\"text-align: justify\">A segunda etapa consiste em reunir a Comiss\u00e3o juntamente com Eduardo Hagge no 3\u00ba andar do pr\u00e9dio da HN, para tratar da Transi\u00e7\u00e3o, organizar a documenta\u00e7\u00e3o necess\u00e1ria de cada secretaria. Geraldo anunciou a perman\u00eancia de 12 secretarias e a cria\u00e7\u00e3o de mais duas, bem como o desmembramento de algumas, a exemplo da Educa\u00e7\u00e3o, Cultura, Ci\u00eancia e Tecnologia, que vai ficar s\u00f3 com a Educa\u00e7\u00e3o.<\/h4>\n<h4 style=\"text-align: center\">Novas Secretarias do governo Eduardo Hagge (MDB) e altera\u00e7\u00e3o em outras.<\/h4>\n<ul>\n<li style=\"text-align: justify\">\n<h4>Cria\u00e7\u00e3o da Secretaria de Seguran\u00e7a, Tr\u00e2nsito e Defesa Civil, englobando a GCM &#8211; Guarda Civil Municipal, Coordenadoria Municipal de Tr\u00e2nsito (COMUTRAN) e Defesa Civil Municipal;<\/h4>\n<\/li>\n<li>\n<h4 style=\"text-align: justify\">Cria\u00e7\u00e3o da Secretaria de Cultura, Juventude e Diversidade, com seus respectivos departamentos, visto que a pasta da Cultura estava ligada \u00e0 Educa\u00e7\u00e3o como Departamento;<\/h4>\n<\/li>\n<li>\n<h4 style=\"text-align: justify\">A Secretaria de Meio Ambiente (SEMA) ser\u00e1 Secretaria de Meio Ambiente, Agricultura e Pecu\u00e1ria;<\/h4>\n<\/li>\n<li>\n<h4 style=\"text-align: justify\">Transporte e Servi\u00e7os P\u00fablicos ser\u00e3o uma s\u00f3 secretaria;<\/h4>\n<\/li>\n<li>\n<h4 style=\"text-align: justify\">Secretaria de Esporte e Lazer ser\u00e1\u00a0 Secretaria de Esporte, Lazer e Turismo;<\/h4>\n<\/li>\n<li>\n<h4 style=\"text-align: justify\">A Secretaria de Desenvolvimento e Agricultura ser\u00e1 Secretaria de Desenvolvimento, Ind\u00fastria e Com\u00e9rcio;<\/h4>\n<\/li>\n<\/ul>\n<h4 style=\"text-align: justify\">A Mudan\u00e7a na Secretaria de Governo \u00e9 que ter\u00e1 um Chefe de Gabinete que n\u00e3o ser\u00e1 o secret\u00e1rio da pasta. As demais secretarias continuam sem altera\u00e7\u00e3o. As demais secretarias permanecem sem altera\u00e7\u00e3o. De acordo com Geraldo trindade, o projeto da nova estrutura administrativa ser\u00e1 encaminhado \u00e0 C\u00e2mara de Vereadores.<\/h4>\n<h4 style=\"text-align: justify\">Quanto ao perfil do secretariado de Eduardo Hagge, o postulante tem que ser t\u00e9cnico e pol\u00edtico. Logo ap\u00f3s a elei\u00e7\u00e3o, Eduardo Hagge e sua equipe t\u00eam conversado com os presidentes de partidos que manifestaram apoio \u00e0 sua campanha.<\/h4>\n<p>&nbsp;<\/p>\n","protected":false},"excerpt":{"rendered":"<p>O secret\u00e1rio de educa\u00e7\u00e3o de Itapetinga, professor Geraldo Trindade, membro da coordena\u00e7\u00e3o de campanha do prefeito eleito Eduardo Hagge, que integra a Comiss\u00e3o de Transi\u00e7\u00e3o de Governo, foi entrevistado neste s\u00e1bado, 16, no Programa Na Boca Especial de S\u00e1bado, apresentado por Z\u00e9 Elias e Bony Cordeiro. A entrevista foi ampla e abordou muitos assuntos, principalmente &hellip;<\/p>\n","protected":false},"author":3,"featured_media":12734,"comment_status":"closed","ping_status":"closed","sticky":false,"template":"","format":"standard","meta":{"_links_to":"","_links_to_target":""},"categories":[1],"tags":[],"views":488,"_links":{"self":[{"href":"https:\/\/www.programapodcast.com.br\/v1\/wp-json\/wp\/v2\/posts\/12730"}],"collection":[{"href":"https:\/\/www.programapodcast.com.br\/v1\/wp-json\/wp\/v2\/posts"}],"about":[{"href":"https:\/\/www.programapodcast.com.br\/v1\/wp-json\/wp\/v2\/types\/post"}],"author":[{"embeddable":true,"href":"https:\/\/www.programapodcast.com.br\/v1\/wp-json\/wp\/v2\/users\/3"}],"replies":[{"embeddable":true,"href":"https:\/\/www.programapodcast.com.br\/v1\/wp-json\/wp\/v2\/comments?post=12730"}],"version-history":[{"count":3,"href":"https:\/\/www.programapodcast.com.br\/v1\/wp-json\/wp\/v2\/posts\/12730\/revisions"}],"predecessor-version":[{"id":12735,"href":"https:\/\/www.programapodcast.com.br\/v1\/wp-json\/wp\/v2\/posts\/12730\/revisions\/12735"}],"wp:featuredmedia":[{"embeddable":true,"href":"https:\/\/www.programapodcast.com.br\/v1\/wp-json\/wp\/v2\/media\/12734"}],"wp:attachment":[{"href":"https:\/\/www.programapodcast.com.br\/v1\/wp-json\/wp\/v2\/media?parent=12730"}],"wp:term":[{"taxonomy":"category","embeddable":true,"href":"https:\/\/www.programapodcast.com.br\/v1\/wp-json\/wp\/v2\/categories?post=12730"},{"taxonomy":"post_tag","embeddable":true,"href":"https:\/\/www.programapodcast.com.br\/v1\/wp-json\/wp\/v2\/tags?post=12730"}],"curies":[{"name":"wp","href":"https:\/\/api.w.org\/{rel}","templated":true}]}}