{"id":12232,"date":"2024-09-18T23:44:51","date_gmt":"2024-09-19T02:44:51","guid":{"rendered":"https:\/\/www.programapodcast.com.br\/v1\/?p=12232"},"modified":"2024-09-18T23:44:51","modified_gmt":"2024-09-19T02:44:51","slug":"copom-eleva-taxa-selic-para-1075","status":"publish","type":"post","link":"https:\/\/www.programapodcast.com.br\/v1\/2024\/09\/18\/copom-eleva-taxa-selic-para-1075\/","title":{"rendered":"Copom eleva taxa Selic para 10,75%."},"content":{"rendered":"<h4 style=\"text-align: justify\">O\u00a0<strong>Copom<\/strong>\u00a0(Comit\u00ea de Pol\u00edtica Monet\u00e1ria) do\u00a0<strong>Banco Central<\/strong>\u00a0aumentou, nesta quarta-feira (18), sua\u00a0<strong>taxa b\u00e1sica de juros<\/strong>\u00a0, a\u00a0<strong>Selic<\/strong>\u00a0, em 0,25 ponto percentual,\u00a0<a href=\"https:\/\/economia.ig.com.br\/2024-07-31\/copom-mantem-taxa-selic.html\">elevando o percentual para 10,75%.<\/a>\u00a0A decis\u00e3o ocorreu para manter as expectativas de infla\u00e7\u00e3o ancoradas, evitando volatilidade nos\u00a0<strong>mercados financeiros<\/strong>\u00a0.<\/h4>\n<h4 style=\"text-align: justify\">Especialistas apontaram ao longo da semana que, embora o n\u00facleo da infla\u00e7\u00e3o tenha mostrado melhorias, ainda h\u00e1 press\u00f5es inflacion\u00e1rias, principalmente devido ao aquecimento do mercado de trabalho e\u00a0<a href=\"https:\/\/economia.ig.com.br\/2024-09-18\/superquarta-copom-analise.html\">aumento dos sal\u00e1rios.<\/a><\/h4>\n<h4 style=\"text-align: justify\">S\u00e9rgio Goldenstein, estrategista-chefe da Warren Investimentos, pontuou que, caso o Banco Central mantivesse a taxa Selic no mesmo patamar, ocorreria perda de credibilidade, resultando em desancoragem das expectativas de infla\u00e7\u00e3o e sobre a taxa de c\u00e2mbio.<\/h4>\n<h4 style=\"text-align: justify\">\u201cA comunica\u00e7\u00e3o dos dirigentes do Banco Central, em particular de Gabriel Gal\u00edpolo, conduziu fortemente o mercado na dire\u00e7\u00e3o de um aperto monet\u00e1rio\u201d, afirmou Goldenstein antes da decis\u00e3o do Copom.<\/h4>\n<h4 style=\"text-align: justify\">Veja o relat\u00f3rio do Copom abaixo<\/h4>\n<h4 style=\"text-align: justify\">O ambiente externo permanece desafiador, em fun\u00e7\u00e3o do momento de inflex\u00e3o do ciclo econ\u00f4mico nos Estados Unidos, o que suscita maiores d\u00favidas sobre os ritmos da desacelera\u00e7\u00e3o, da desinfla\u00e7\u00e3o e, consequentemente, sobre a postura do Fed. Os bancos centrais das principais economias permanecem determinados em promover a converg\u00eancia das taxas de infla\u00e7\u00e3o para suas metas em um ambiente marcado por press\u00f5es nos mercados de trabalho. O Comit\u00ea avalia que o cen\u00e1rio externo, tamb\u00e9m marcado por menor sincronia nos ciclos de pol\u00edtica monet\u00e1ria entre os pa\u00edses, segue exigindo cautela por parte de pa\u00edses emergentes.<\/h4>\n<h4 style=\"text-align: justify\">Em rela\u00e7\u00e3o ao cen\u00e1rio dom\u00e9stico, o conjunto dos indicadores de atividade econ\u00f4mica e do mercado de trabalho tem apresentado dinamismo maior do que o esperado, o que levou a uma reavalia\u00e7\u00e3o do hiato para o campo positivo. A infla\u00e7\u00e3o medida pelo IPCA cheio assim como medidas de infla\u00e7\u00e3o subjacente se situaram acima da meta para a infla\u00e7\u00e3o nas divulga\u00e7\u00f5es mais recentes.<\/h4>\n<h4 style=\"text-align: justify\">As expectativas de infla\u00e7\u00e3o para 2024 e 2025 apuradas pela pesquisa Focus encontram-se em torno de 4,4% e 4,0%, respectivamente. A proje\u00e7\u00e3o de infla\u00e7\u00e3o do Copom para o primeiro trimestre de 2026, atual horizonte relevante de pol\u00edtica monet\u00e1ria, situa-se em 3,5% no cen\u00e1rio de refer\u00eancia (Tabela 1).<\/h4>\n<h4 style=\"text-align: justify\">O Comit\u00ea avalia que h\u00e1 uma assimetria altista em seu balan\u00e7o de riscos para os cen\u00e1rios prospectivos para a infla\u00e7\u00e3o. Entre os riscos de alta para o cen\u00e1rio inflacion\u00e1rio e as expectativas de infla\u00e7\u00e3o, destacam-se (i) uma desancoragem das expectativas de infla\u00e7\u00e3o por per\u00edodo mais prolongado; (ii) uma maior resili\u00eancia na infla\u00e7\u00e3o de servi\u00e7os do que a projetada em fun\u00e7\u00e3o de um hiato do produto mais apertado; e (iii) uma conjun\u00e7\u00e3o de pol\u00edticas econ\u00f4micas externa e interna que tenham impacto inflacion\u00e1rio, por exemplo, por meio de uma taxa de c\u00e2mbio persistentemente mais depreciada. Entre os riscos de baixa, ressaltam-se (i) uma desacelera\u00e7\u00e3o da atividade econ\u00f4mica global mais acentuada do que a projetada; e (ii) os impactos do aperto monet\u00e1rio sobre a desinfla\u00e7\u00e3o global se mostrarem mais fortes do que o esperado.<\/h4>\n<h4 style=\"text-align: justify\">O Comit\u00ea monitora com aten\u00e7\u00e3o como os desenvolvimentos recentes da pol\u00edtica fiscal impactam a pol\u00edtica monet\u00e1ria e os ativos financeiros. A percep\u00e7\u00e3o dos agentes econ\u00f4micos sobre o cen\u00e1rio fiscal, junto com outros fatores, tem impactado os pre\u00e7os de ativos e as expectativas dos agentes. O Comit\u00ea reafirma que uma pol\u00edtica fiscal cr\u00edvel e comprometida com a sustentabilidade da d\u00edvida contribui para a ancoragem das expectativas de infla\u00e7\u00e3o e para a redu\u00e7\u00e3o dos pr\u00eamios de risco dos ativos financeiros, consequentemente impactando a pol\u00edtica monet\u00e1ria.<\/h4>\n<h4 style=\"text-align: justify\">O cen\u00e1rio, marcado por resili\u00eancia na atividade, press\u00f5es no mercado de trabalho, hiato do produto positivo, eleva\u00e7\u00e3o das proje\u00e7\u00f5es de infla\u00e7\u00e3o e expectativas desancoradas, demanda uma pol\u00edtica monet\u00e1ria mais contracionista. Considerando a evolu\u00e7\u00e3o do processo de desinfla\u00e7\u00e3o, os cen\u00e1rios avaliados, o balan\u00e7o de riscos e o amplo conjunto de informa\u00e7\u00f5es dispon\u00edveis, o Copom decidiu, por unanimidade, elevar a taxa b\u00e1sica de juros em 0,25 ponto percentual, para 10,75% a.a., e entende que essa decis\u00e3o \u00e9 compat\u00edvel com a estrat\u00e9gia de converg\u00eancia da infla\u00e7\u00e3o para o redor da meta ao longo do horizonte relevante. Sem preju\u00edzo de seu objetivo fundamental de assegurar a estabilidade de pre\u00e7os, essa decis\u00e3o tamb\u00e9m implica suaviza\u00e7\u00e3o das flutua\u00e7\u00f5es do n\u00edvel de atividade econ\u00f4mica e fomento do pleno emprego.<\/h4>\n<h4 style=\"text-align: justify\">O ritmo de ajustes futuros na taxa de juros e a magnitude total do ciclo ora iniciado ser\u00e3o ditados pelo firme compromisso de converg\u00eancia da infla\u00e7\u00e3o \u00e0 meta e depender\u00e3o da evolu\u00e7\u00e3o da din\u00e2mica da infla\u00e7\u00e3o, em especial dos componentes mais sens\u00edveis \u00e0 atividade econ\u00f4mica e \u00e0 pol\u00edtica monet\u00e1ria, das proje\u00e7\u00f5es de infla\u00e7\u00e3o, das expectativas de infla\u00e7\u00e3o, do hiato do produto e do balan\u00e7o de riscos.<\/h4>\n<h4 style=\"text-align: justify\">Votaram por essa decis\u00e3o os seguintes membros do Comit\u00ea: Roberto de Oliveira Campos Neto (presidente), Ailton de Aquino Santos, Carolina de Assis Barros, Diogo Abry Guillen, Gabriel Muricca Gal\u00edpolo, Ot\u00e1vio Ribeiro Damaso, Paulo Picchetti, Renato Dias de Brito Gomes e Rodrigo Alves Teixeira.<\/h4>\n<h4 style=\"text-align: justify\"><span class=\"link\">Link deste artigo:<\/span>\u00a0<a title=\"Link deste artigo\" href=\"https:\/\/economia.ig.com.br\/2024-09-18\/taxa-selic-aumento-setembro.html\">https:\/\/economia.ig.com.br\/2024-09-18\/taxa-selic-aumento-setembro.html<\/a><\/h4>\n","protected":false},"excerpt":{"rendered":"<p>O\u00a0Copom\u00a0(Comit\u00ea de Pol\u00edtica Monet\u00e1ria) do\u00a0Banco Central\u00a0aumentou, nesta quarta-feira (18), sua\u00a0taxa b\u00e1sica de juros\u00a0, a\u00a0Selic\u00a0, em 0,25 ponto percentual,\u00a0elevando o percentual para 10,75%.\u00a0A decis\u00e3o ocorreu para manter as expectativas de infla\u00e7\u00e3o ancoradas, evitando volatilidade nos\u00a0mercados financeiros\u00a0. Especialistas apontaram ao longo da semana que, embora o n\u00facleo da infla\u00e7\u00e3o tenha mostrado melhorias, ainda h\u00e1 press\u00f5es inflacion\u00e1rias, principalmente &hellip;<\/p>\n","protected":false},"author":3,"featured_media":12233,"comment_status":"closed","ping_status":"closed","sticky":false,"template":"","format":"standard","meta":{"_links_to":"","_links_to_target":""},"categories":[1],"tags":[],"views":265,"_links":{"self":[{"href":"https:\/\/www.programapodcast.com.br\/v1\/wp-json\/wp\/v2\/posts\/12232"}],"collection":[{"href":"https:\/\/www.programapodcast.com.br\/v1\/wp-json\/wp\/v2\/posts"}],"about":[{"href":"https:\/\/www.programapodcast.com.br\/v1\/wp-json\/wp\/v2\/types\/post"}],"author":[{"embeddable":true,"href":"https:\/\/www.programapodcast.com.br\/v1\/wp-json\/wp\/v2\/users\/3"}],"replies":[{"embeddable":true,"href":"https:\/\/www.programapodcast.com.br\/v1\/wp-json\/wp\/v2\/comments?post=12232"}],"version-history":[{"count":1,"href":"https:\/\/www.programapodcast.com.br\/v1\/wp-json\/wp\/v2\/posts\/12232\/revisions"}],"predecessor-version":[{"id":12234,"href":"https:\/\/www.programapodcast.com.br\/v1\/wp-json\/wp\/v2\/posts\/12232\/revisions\/12234"}],"wp:featuredmedia":[{"embeddable":true,"href":"https:\/\/www.programapodcast.com.br\/v1\/wp-json\/wp\/v2\/media\/12233"}],"wp:attachment":[{"href":"https:\/\/www.programapodcast.com.br\/v1\/wp-json\/wp\/v2\/media?parent=12232"}],"wp:term":[{"taxonomy":"category","embeddable":true,"href":"https:\/\/www.programapodcast.com.br\/v1\/wp-json\/wp\/v2\/categories?post=12232"},{"taxonomy":"post_tag","embeddable":true,"href":"https:\/\/www.programapodcast.com.br\/v1\/wp-json\/wp\/v2\/tags?post=12232"}],"curies":[{"name":"wp","href":"https:\/\/api.w.org\/{rel}","templated":true}]}}