{"id":11138,"date":"2024-05-17T21:43:42","date_gmt":"2024-05-18T00:43:42","guid":{"rendered":"https:\/\/www.programapodcast.com.br\/v1\/?p=11138"},"modified":"2024-05-17T21:46:13","modified_gmt":"2024-05-18T00:46:13","slug":"desemprego-no-brasil-bahia-lidera-ranking-de-piores-taxas","status":"publish","type":"post","link":"https:\/\/www.programapodcast.com.br\/v1\/2024\/05\/17\/desemprego-no-brasil-bahia-lidera-ranking-de-piores-taxas\/","title":{"rendered":"Desemprego no Brasil: Bahia lidera ranking de piores taxas"},"content":{"rendered":"<p class=\"western\" align=\"justify\"><span style=\"font-family: Tahoma\"><span style=\"font-size: large\"><span style=\"color: #000000\">O desemprego aumentou em 8 das 27 unidades da federa\u00e7\u00e3o no 1\u00ba trimestre, em rela\u00e7\u00e3o ao trimestre imediatamente anterior, e s\u00f3 caiu no estado do Amap\u00e1, ficando est\u00e1vel nos outros 18. Os dados s\u00e3o da Pesquisa Nacional por Amostra de Domic\u00edlios Cont\u00ednua (PNAD Cont\u00ednua), divulgada nesta sexta-feira, 17, pelo IBGE.<\/span><\/span><\/span><\/p>\n<p class=\"western\" align=\"justify\"><span style=\"font-family: Tahoma\"><span style=\"font-size: large\"><span style=\"color: #000000\">O \u00fanico estado em que a taxa de desemprego caiu foi o Amap\u00e1, onde o \u00edndice passou de 14,2% no 4\u00ba trimestre de 2023 para 10,9% no 1\u00ba trimestre deste ano.<\/span><\/span><\/span><\/p>\n<p class=\"western\" align=\"justify\"><span style=\"font-family: Tahoma\"><span style=\"font-size: large\"><span style=\"color: #000000\">A taxa de desocupa\u00e7\u00e3o do pa\u00eds nos 3 primeiros meses de 2024 foi de 7,9%, aumentando 0,5 ponto percentual ante o quarto trimestre de 2023 (7,4%) e caindo 0,9 ponto frente ao mesmo trimestre de 2023 (8,8%).<\/span><\/span><\/span><\/p>\n<p class=\"western\" align=\"justify\"><span style=\"font-family: Tahoma\"><span style=\"font-size: large\"><span style=\"color: #000000\">As maiores taxas de desemprego foram da Bahia (14%), Pernambuco (12,4%) e Amap\u00e1 (10,9%), e as menores, de Rond\u00f4nia (3,7%), Mato Grosso (3,7%) e Santa Catarina (3,8%).<\/span><\/span><\/span><\/p>\n<p class=\"western\" align=\"justify\"><span style=\"font-family: Tahoma\"><span style=\"font-size: large\"><span style=\"color: #000000\">Registraram aumento na desocupa\u00e7\u00e3o os estados do Acre, Bahia, Maranh\u00e3o, Mato Grosso do Sul, Minas Gerais, Rio Grande do Sul, S\u00e3o Paulo e Santa Catarina. Nos demais, a situa\u00e7\u00e3o foi classificada pelo IBGE como estabilidade. veja quadro abaixo:<\/span><\/span><\/span><\/p>\n<p class=\"western\" align=\"justify\"><span style=\"font-family: Tahoma\"><span style=\"font-size: large\"><span style=\"color: #000000\"><img decoding=\"async\" loading=\"lazy\" class=\"size-full wp-image-11140 aligncenter\" src=\"https:\/\/www.programapodcast.com.br\/v1\/wp-content\/uploads\/2024\/05\/ibge.jpg\" alt=\"\" width=\"737\" height=\"524\" srcset=\"https:\/\/www.programapodcast.com.br\/v1\/wp-content\/uploads\/2024\/05\/ibge.jpg 737w, https:\/\/www.programapodcast.com.br\/v1\/wp-content\/uploads\/2024\/05\/ibge-300x213.jpg 300w\" sizes=\"(max-width: 737px) 100vw, 737px\" \/><br \/>\nDesocupa\u00e7\u00e3o segue maior entre mulheres, pretos, pardos<br \/>\nA taxa de desocupa\u00e7\u00e3o por sexo foi de 6,5% para os homens e 9,8% para as mulheres no primeiro trimestre de 2024. J\u00e1 a taxa de desocupa\u00e7\u00e3o por cor ou ra\u00e7a ficou abaixo da m\u00e9dia nacional para os brancos (6,2%) e acima para os pretos (9,7%) e pardos (9,1%).<\/span><\/span><\/span><\/p>\n<p class=\"western\" align=\"justify\"><span style=\"font-family: Tahoma\"><span style=\"font-size: large\"><span style=\"color: #000000\">A taxa de desocupa\u00e7\u00e3o para as pessoas com ensino m\u00e9dio incompleto (13,9%) foi maior que as dos demais n\u00edveis de instru\u00e7\u00e3o analisados. Para as pessoas com n\u00edvel superior incompleto, a taxa foi de 8,9%, mais que o dobro da verificada para o n\u00edvel superior completo (4,1%).<\/span><\/span><\/span><\/p>\n","protected":false},"excerpt":{"rendered":"<p>O desemprego aumentou em 8 das 27 unidades da federa\u00e7\u00e3o no 1\u00ba trimestre, em rela\u00e7\u00e3o ao trimestre imediatamente anterior, e s\u00f3 caiu no estado do Amap\u00e1, ficando est\u00e1vel nos outros 18. Os dados s\u00e3o da Pesquisa Nacional por Amostra de Domic\u00edlios Cont\u00ednua (PNAD Cont\u00ednua), divulgada nesta sexta-feira, 17, pelo IBGE. O \u00fanico estado em que &hellip;<\/p>\n","protected":false},"author":3,"featured_media":11141,"comment_status":"closed","ping_status":"closed","sticky":false,"template":"","format":"standard","meta":{"_links_to":"","_links_to_target":""},"categories":[17,1],"tags":[],"views":572,"_links":{"self":[{"href":"https:\/\/www.programapodcast.com.br\/v1\/wp-json\/wp\/v2\/posts\/11138"}],"collection":[{"href":"https:\/\/www.programapodcast.com.br\/v1\/wp-json\/wp\/v2\/posts"}],"about":[{"href":"https:\/\/www.programapodcast.com.br\/v1\/wp-json\/wp\/v2\/types\/post"}],"author":[{"embeddable":true,"href":"https:\/\/www.programapodcast.com.br\/v1\/wp-json\/wp\/v2\/users\/3"}],"replies":[{"embeddable":true,"href":"https:\/\/www.programapodcast.com.br\/v1\/wp-json\/wp\/v2\/comments?post=11138"}],"version-history":[{"count":3,"href":"https:\/\/www.programapodcast.com.br\/v1\/wp-json\/wp\/v2\/posts\/11138\/revisions"}],"predecessor-version":[{"id":11144,"href":"https:\/\/www.programapodcast.com.br\/v1\/wp-json\/wp\/v2\/posts\/11138\/revisions\/11144"}],"wp:featuredmedia":[{"embeddable":true,"href":"https:\/\/www.programapodcast.com.br\/v1\/wp-json\/wp\/v2\/media\/11141"}],"wp:attachment":[{"href":"https:\/\/www.programapodcast.com.br\/v1\/wp-json\/wp\/v2\/media?parent=11138"}],"wp:term":[{"taxonomy":"category","embeddable":true,"href":"https:\/\/www.programapodcast.com.br\/v1\/wp-json\/wp\/v2\/categories?post=11138"},{"taxonomy":"post_tag","embeddable":true,"href":"https:\/\/www.programapodcast.com.br\/v1\/wp-json\/wp\/v2\/tags?post=11138"}],"curies":[{"name":"wp","href":"https:\/\/api.w.org\/{rel}","templated":true}]}}