{"id":11134,"date":"2024-05-17T17:08:36","date_gmt":"2024-05-17T20:08:36","guid":{"rendered":"https:\/\/www.programapodcast.com.br\/v1\/?p=11134"},"modified":"2024-05-17T17:08:36","modified_gmt":"2024-05-17T20:08:36","slug":"banco-do-brasil-homenageia-clientes-na-52a-exposicao-agropecuaria-de-itapetinga","status":"publish","type":"post","link":"https:\/\/www.programapodcast.com.br\/v1\/2024\/05\/17\/banco-do-brasil-homenageia-clientes-na-52a-exposicao-agropecuaria-de-itapetinga\/","title":{"rendered":"Banco do Brasil homenageia clientes na 52\u00aa Exposi\u00e7\u00e3o Agropecu\u00e1ria de Itapetinga"},"content":{"rendered":"<p class=\"western\" align=\"justify\"><span style=\"font-family: Tahoma\"><span style=\"font-size: large\"><span style=\"color: #000000\">Nessa quinta-feira, 17\/05, o Banco do Brasil est\u00e1 marcando presen\u00e7a na 52\u00aa Exposi\u00e7\u00e3o Agropecu\u00e1ria de Itapetinga, um dos eventos mais esperados do ano pela comunidade rural da regi\u00e3o. Em uma cerim\u00f4nia especial, o banco homenageou dois de seus clientes mais antigos e ativos: a empres\u00e1ria Marbele Quadros e o pecuarista Filipe Lima.<\/span><\/span><\/span><\/p>\n<p class=\"western\" align=\"justify\"><span style=\"font-family: Tahoma\"><span style=\"font-size: large\"><span style=\"color: #000000\">O evento contou com a participa\u00e7\u00e3o de diversos membros da sociedade de Itapetinga, al\u00e9m da alta dire\u00e7\u00e3o do Banco do Brasil. Representando a institui\u00e7\u00e3o banc\u00e1ria estavam o gerente do agrocaixa, Igor Crusoe, o gerente geral, Bruno Correia e funcion\u00e1rios, que aproveitaram a oportunidade para conversar com os produtores rurais sobre o futuro do agroneg\u00f3cio na regi\u00e3o.<\/span><\/span><\/span><\/p>\n<p class=\"western\" align=\"justify\"><span style=\"font-family: Tahoma\"><span style=\"font-size: large\"><span style=\"color: #000000\"><strong>Homenagens a clientes ilustres<\/strong><br \/>\nMarbele Quadros, uma destacada empres\u00e1ria no setor agr\u00edcola, e Filipe Lima, reconhecido pecuarista, foram os protagonistas da noite. Suas contribui\u00e7\u00f5es para o desenvolvimento do agroneg\u00f3cio local foram reconhecidas com emo\u00e7\u00e3o e gratid\u00e3o. Ambos s\u00e3o exemplos de perseveran\u00e7a e inova\u00e7\u00e3o, refletindo os valores que o Banco do Brasil busca promover entre seus clientes.<\/span><\/span><\/span><\/p>\n<p class=\"western\" align=\"justify\"><span style=\"font-family: Tahoma\"><span style=\"font-size: large\"><span style=\"color: #000000\"><strong>Expectativas para o Plano Safra 2024\/2025<\/strong><br \/>\nDurante o evento, Igor Crusoe e Bruno Correia dialogaram com os produtores rurais, compartilhando insights e expectativas sobre o Plano Safra 2024\/2025. Eles destacaram a import\u00e2ncia do plano para o crescimento sustent\u00e1vel do setor agr\u00edcola, abordando as novas pol\u00edticas de financiamento e os incentivos oferecidos pelo Banco do Brasil para apoiar os produtores em suas atividades.<\/span><\/span><\/span><\/p>\n<p class=\"western\" align=\"justify\"><span style=\"font-family: Tahoma\"><span style=\"font-size: large\"><span style=\"color: #000000\">A conversa foi marcada por um clima de otimismo e colabora\u00e7\u00e3o, com os gerentes do banco enfatizando seu compromisso em fornecer solu\u00e7\u00f5es financeiras que atendam \u00e0s necessidades espec\u00edficas dos agricultores e pecuaristas. A intera\u00e7\u00e3o direta com os produtores \u00e9 uma parte crucial da estrat\u00e9gia do BB para entender melhor as demandas do campo e oferecer servi\u00e7os cada vez mais personalizados.<\/span><\/span><\/span><\/p>\n<p align=\"justify\"><img decoding=\"async\" loading=\"lazy\" class=\"wp-image-11135 aligncenter\" src=\"https:\/\/www.programapodcast.com.br\/v1\/wp-content\/uploads\/2024\/05\/IMG_1877.jpg\" alt=\"\" width=\"733\" height=\"488\" srcset=\"https:\/\/www.programapodcast.com.br\/v1\/wp-content\/uploads\/2024\/05\/IMG_1877.jpg 320w, https:\/\/www.programapodcast.com.br\/v1\/wp-content\/uploads\/2024\/05\/IMG_1877-300x200.jpg 300w\" sizes=\"(max-width: 733px) 100vw, 733px\" \/><\/p>\n<p class=\"western\" align=\"justify\"><span style=\"font-family: Tahoma\"><span style=\"font-size: large\"><span style=\"color: #000000\"><strong>Um compromisso com o desenvolvimento<\/strong><br \/>\nO Banco do Brasil reafirmou seu compromisso com o desenvolvimento do agroneg\u00f3cio na regi\u00e3o, destacando a import\u00e2ncia de eventos como a Exposi\u00e7\u00e3o Agropecu\u00e1ria de Itapetinga para fortalecer os la\u00e7os entre o banco e a comunidade rural. A homenagem a Marbele Quadros e Filipe Lima simboliza o reconhecimento do banco \u00e0queles que ajudam a impulsionar o crescimento e a inova\u00e7\u00e3o no setor.<\/span><\/span><\/span><\/p>\n<p class=\"western\" align=\"justify\"><span style=\"font-family: Tahoma\"><span style=\"font-size: large\"><span style=\"color: #000000\">A presen\u00e7a do Banco do Brasil na exposi\u00e7\u00e3o e as discuss\u00f5es sobre o Plano Safra demonstram uma clara inten\u00e7\u00e3o de continuar apoiando os produtores rurais em sua jornada rumo ao desenvolvimento sustent\u00e1vel e lucrativo. Esse engajamento reflete a miss\u00e3o do banco de ser um parceiro confi\u00e1vel e proativo para o agroneg\u00f3cio brasileiro.<\/span><\/span><\/span><\/p>\n<p class=\"western\" align=\"justify\"><span style=\"font-family: Tahoma\"><span style=\"font-size: large\"><span style=\"color: #000000\">A 52\u00aa Exposi\u00e7\u00e3o Agropecu\u00e1ria de Itapetinga \u00e9 um sucesso, e o Banco do Brasil se orgulha de estar participando desse evento significativo, celebrando o passado e olhando com esperan\u00e7a para o futuro do agroneg\u00f3cio na regi\u00e3o.<\/span><\/span><\/span><\/p>\n","protected":false},"excerpt":{"rendered":"<p>Nessa quinta-feira, 17\/05, o Banco do Brasil est\u00e1 marcando presen\u00e7a na 52\u00aa Exposi\u00e7\u00e3o Agropecu\u00e1ria de Itapetinga, um dos eventos mais esperados do ano pela comunidade rural da regi\u00e3o. Em uma cerim\u00f4nia especial, o banco homenageou dois de seus clientes mais antigos e ativos: a empres\u00e1ria Marbele Quadros e o pecuarista Filipe Lima. O evento contou &hellip;<\/p>\n","protected":false},"author":3,"featured_media":11136,"comment_status":"closed","ping_status":"closed","sticky":false,"template":"","format":"standard","meta":{"_links_to":"","_links_to_target":""},"categories":[17,13],"tags":[],"views":429,"_links":{"self":[{"href":"https:\/\/www.programapodcast.com.br\/v1\/wp-json\/wp\/v2\/posts\/11134"}],"collection":[{"href":"https:\/\/www.programapodcast.com.br\/v1\/wp-json\/wp\/v2\/posts"}],"about":[{"href":"https:\/\/www.programapodcast.com.br\/v1\/wp-json\/wp\/v2\/types\/post"}],"author":[{"embeddable":true,"href":"https:\/\/www.programapodcast.com.br\/v1\/wp-json\/wp\/v2\/users\/3"}],"replies":[{"embeddable":true,"href":"https:\/\/www.programapodcast.com.br\/v1\/wp-json\/wp\/v2\/comments?post=11134"}],"version-history":[{"count":1,"href":"https:\/\/www.programapodcast.com.br\/v1\/wp-json\/wp\/v2\/posts\/11134\/revisions"}],"predecessor-version":[{"id":11137,"href":"https:\/\/www.programapodcast.com.br\/v1\/wp-json\/wp\/v2\/posts\/11134\/revisions\/11137"}],"wp:featuredmedia":[{"embeddable":true,"href":"https:\/\/www.programapodcast.com.br\/v1\/wp-json\/wp\/v2\/media\/11136"}],"wp:attachment":[{"href":"https:\/\/www.programapodcast.com.br\/v1\/wp-json\/wp\/v2\/media?parent=11134"}],"wp:term":[{"taxonomy":"category","embeddable":true,"href":"https:\/\/www.programapodcast.com.br\/v1\/wp-json\/wp\/v2\/categories?post=11134"},{"taxonomy":"post_tag","embeddable":true,"href":"https:\/\/www.programapodcast.com.br\/v1\/wp-json\/wp\/v2\/tags?post=11134"}],"curies":[{"name":"wp","href":"https:\/\/api.w.org\/{rel}","templated":true}]}}