{"id":10833,"date":"2024-04-25T09:41:45","date_gmt":"2024-04-25T12:41:45","guid":{"rendered":"https:\/\/www.programapodcast.com.br\/v1\/?p=10833"},"modified":"2024-04-25T09:46:33","modified_gmt":"2024-04-25T12:46:33","slug":"e-25-de-abril-dia-do-contabilista","status":"publish","type":"post","link":"https:\/\/www.programapodcast.com.br\/v1\/2024\/04\/25\/e-25-de-abril-dia-do-contabilista\/","title":{"rendered":"25 DE ABRIL: DIA DO CONTABILISTA"},"content":{"rendered":"<p class=\"western\" align=\"justify\"><span style=\"font-family: Tahoma\"><span style=\"font-size: large\"><span style=\"color: #000000\">Hoje celebramos mais do que n\u00fameros e balan\u00e7os, celebramos o alicerce invis\u00edvel sobre o qual repousa a estabilidade financeira e o crescimento das empresas e da sociedade como um todo. No Dia do Contabilista, prestamos homenagem \u00e0queles que dedicam suas vidas a dar sentido aos n\u00fameros, traduzindo complexidades financeiras em informa\u00e7\u00f5es claras e \u00fateis.<\/span><\/span><\/span><\/p>\n<p class=\"western\" align=\"justify\"><span style=\"font-family: Tahoma\"><span style=\"font-size: large\"><span style=\"color: #000000\">Os contabilistas n\u00e3o s\u00e3o apenas mestres dos livros, mas tamb\u00e9m guardi\u00f5es da transpar\u00eancia e da \u00e9tica nos neg\u00f3cios. Seu trabalho meticuloso e sua per\u00edcia s\u00e3o fundamentais para garantir a conformidade com as leis e regulamentos, promovendo a confian\u00e7a nos mercados financeiros.<\/span><\/span><\/span><\/p>\n<p class=\"western\" align=\"justify\"><span style=\"font-family: Tahoma\"><span style=\"font-size: large\"><span style=\"color: #000000\">Al\u00e9m disso, os contabilistas desempenham um papel crucial no apoio ao empreendedorismo, ajudando empresas de todos os tamanhos a navegar pelas \u00e1guas turbulentas da gest\u00e3o financeira. Sua orienta\u00e7\u00e3o e conselhos s\u00e3o inestim\u00e1veis para o sucesso empresarial a longo prazo.<\/span><\/span><\/span><\/p>\n<p class=\"western\" align=\"justify\"><span style=\"font-family: Tahoma\"><span style=\"font-size: large\"><span style=\"color: #000000\">N\u00e3o podemos esquecer tamb\u00e9m que os contabilistas desempenham um papel fundamental no processo democr\u00e1tico ao garantir o pleno exerc\u00edcio dos direitos pol\u00edticos e partid\u00e1rios. Seu empenho nas presta\u00e7\u00f5es de contas de partidos e candidatos assegura a transpar\u00eancia e a lisura dos processos eleitorais, contribuindo para uma democracia mais forte e participativa.<\/span><\/span><\/span><\/p>\n<p class=\"western\" align=\"justify\"><span style=\"font-family: Tahoma\"><span style=\"font-size: large\"><span style=\"color: #000000\">Portanto, neste dia especial, gostaria de expressar minha mais sincera gratid\u00e3o a todos os contabilistas, aos que se dedicam ao setor privado, ao setor p\u00fablico, aos contabilistas que atuam no agroneg\u00f3cio, na contabilidade de condom\u00ednios, a auditorias, per\u00edcia, contabilidade eleitoral e os contabilistas que exercem suas fun\u00e7\u00f5es e atribui\u00e7\u00f5es nos conselhos de contabilidade em todo o Brasil! Voc\u00eas s\u00e3o os verdadeiros her\u00f3is financeiros, cujo trabalho incans\u00e1vel e compromisso inabal\u00e1vel tornam poss\u00edvel o funcionamento suave e eficiente de nossa economia, assim como a preserva\u00e7\u00e3o dos princ\u00edpios democr\u00e1ticos. Obrigado por seu servi\u00e7o exemplar e por tudo o que voc\u00eas fazem para enriquecer nossa sociedade.<\/span><\/span><\/span><\/p>\n<p class=\"western\" align=\"justify\"><span style=\"font-family: Tahoma\"><span style=\"font-size: large\"><span style=\"color: #000000\">Parab\u00e9ns a todos os contabilistas pelo seu dia!<\/span><\/span><\/span><\/p>\n","protected":false},"excerpt":{"rendered":"<p>Hoje celebramos mais do que n\u00fameros e balan\u00e7os, celebramos o alicerce invis\u00edvel sobre o qual repousa a estabilidade financeira e o crescimento das empresas e da sociedade como um todo. No Dia do Contabilista, prestamos homenagem \u00e0queles que dedicam suas vidas a dar sentido aos n\u00fameros, traduzindo complexidades financeiras em informa\u00e7\u00f5es claras e \u00fateis. Os &hellip;<\/p>\n","protected":false},"author":3,"featured_media":10836,"comment_status":"closed","ping_status":"closed","sticky":false,"template":"","format":"standard","meta":{"_links_to":"","_links_to_target":""},"categories":[13],"tags":[],"views":346,"_links":{"self":[{"href":"https:\/\/www.programapodcast.com.br\/v1\/wp-json\/wp\/v2\/posts\/10833"}],"collection":[{"href":"https:\/\/www.programapodcast.com.br\/v1\/wp-json\/wp\/v2\/posts"}],"about":[{"href":"https:\/\/www.programapodcast.com.br\/v1\/wp-json\/wp\/v2\/types\/post"}],"author":[{"embeddable":true,"href":"https:\/\/www.programapodcast.com.br\/v1\/wp-json\/wp\/v2\/users\/3"}],"replies":[{"embeddable":true,"href":"https:\/\/www.programapodcast.com.br\/v1\/wp-json\/wp\/v2\/comments?post=10833"}],"version-history":[{"count":1,"href":"https:\/\/www.programapodcast.com.br\/v1\/wp-json\/wp\/v2\/posts\/10833\/revisions"}],"predecessor-version":[{"id":10835,"href":"https:\/\/www.programapodcast.com.br\/v1\/wp-json\/wp\/v2\/posts\/10833\/revisions\/10835"}],"wp:featuredmedia":[{"embeddable":true,"href":"https:\/\/www.programapodcast.com.br\/v1\/wp-json\/wp\/v2\/media\/10836"}],"wp:attachment":[{"href":"https:\/\/www.programapodcast.com.br\/v1\/wp-json\/wp\/v2\/media?parent=10833"}],"wp:term":[{"taxonomy":"category","embeddable":true,"href":"https:\/\/www.programapodcast.com.br\/v1\/wp-json\/wp\/v2\/categories?post=10833"},{"taxonomy":"post_tag","embeddable":true,"href":"https:\/\/www.programapodcast.com.br\/v1\/wp-json\/wp\/v2\/tags?post=10833"}],"curies":[{"name":"wp","href":"https:\/\/api.w.org\/{rel}","templated":true}]}}