{"id":10558,"date":"2024-04-08T18:45:40","date_gmt":"2024-04-08T21:45:40","guid":{"rendered":"https:\/\/www.programapodcast.com.br\/v1\/?p=10558"},"modified":"2024-04-08T18:45:40","modified_gmt":"2024-04-08T21:45:40","slug":"coopardo-e-coopmac-fecham-parceria-para-montagem-de-stand-na-expoconquista-2024","status":"publish","type":"post","link":"https:\/\/www.programapodcast.com.br\/v1\/2024\/04\/08\/coopardo-e-coopmac-fecham-parceria-para-montagem-de-stand-na-expoconquista-2024\/","title":{"rendered":"COOPARDO E COOPMAC FECHAM PARCERIA PARA MONTAGEM DE STAND NA EXPOCONQUISTA 2024"},"content":{"rendered":"<p class=\"western\" align=\"justify\"><span style=\"font-family: Tahoma\"><span style=\"font-size: large\"><span style=\"color: #000000\">A Coopardo, em parceria com a Coopmac, participar\u00e1 da Exposi\u00e7\u00e3o Agropecu\u00e1ria de Vit\u00f3ria da Conquista, a EXPOCONQUISTA 2024, em stand conjunto das duas maiores cooperativas da regi\u00e3o sudoeste.<\/span><\/span><\/span><\/p>\n<p class=\"western\" align=\"justify\"><span style=\"font-family: Tahoma\"><span style=\"font-size: large\"><span style=\"color: #000000\">A nova diretoria da Coopmac e sua equipe se reuniram com o diretor presidente da Coopardo, Alex Coelho, para iniciar os tra\u00e7ados na organiza\u00e7\u00e3o do Stand no Parque de Exposi\u00e7\u00f5es Teopompo de Almeida, que ser\u00e1 uma jun\u00e7\u00e3o Coopardo\/Coopmac.<\/span><\/span><\/span><\/p>\n<p align=\"justify\"><img decoding=\"async\" loading=\"lazy\" class=\"size-full wp-image-10559 aligncenter\" src=\"https:\/\/www.programapodcast.com.br\/v1\/wp-content\/uploads\/2024\/04\/Alex-VC-02.jpg\" alt=\"\" width=\"602\" height=\"443\" srcset=\"https:\/\/www.programapodcast.com.br\/v1\/wp-content\/uploads\/2024\/04\/Alex-VC-02.jpg 602w, https:\/\/www.programapodcast.com.br\/v1\/wp-content\/uploads\/2024\/04\/Alex-VC-02-300x221.jpg 300w\" sizes=\"(max-width: 602px) 100vw, 602px\" \/><\/p>\n<p class=\"western\" align=\"justify\"><span style=\"font-family: Tahoma\"><span style=\"font-size: large\"><span style=\"color: #000000\">&#8220;Teremos v\u00e1rias atra\u00e7\u00f5es no percurso para cooperados, agropecuaristas e filia\u00e7\u00e3o de novos Cooperados. Premia\u00e7\u00f5es a produtores, palestras, brindes, um dia para os criadores de equinos, ovinos e caprinos, bovinos. Estaremos prontos para receber a fam\u00edlia dos cooperados. E por fim nossa confraterniza\u00e7\u00e3o. Aguardem novos momentos&#8221;, informou Alex Coelho, presidente da Coopardo.<\/span><\/span><\/span><\/p>\n<p class=\"western\" align=\"justify\"><span style=\"font-family: Tahoma\"><span style=\"font-size: large\"><span style=\"color: #000000\">A Expoconquista ser\u00e1 realizada entre os dias 05 e 09 de junho.<\/span><\/span><\/span><\/p>\n<p align=\"justify\">\n","protected":false},"excerpt":{"rendered":"<p>A Coopardo, em parceria com a Coopmac, participar\u00e1 da Exposi\u00e7\u00e3o Agropecu\u00e1ria de Vit\u00f3ria da Conquista, a EXPOCONQUISTA 2024, em stand conjunto das duas maiores cooperativas da regi\u00e3o sudoeste. A nova diretoria da Coopmac e sua equipe se reuniram com o diretor presidente da Coopardo, Alex Coelho, para iniciar os tra\u00e7ados na organiza\u00e7\u00e3o do Stand no &hellip;<\/p>\n","protected":false},"author":3,"featured_media":10560,"comment_status":"closed","ping_status":"closed","sticky":false,"template":"","format":"standard","meta":{"_links_to":"","_links_to_target":""},"categories":[17,13],"tags":[],"views":318,"_links":{"self":[{"href":"https:\/\/www.programapodcast.com.br\/v1\/wp-json\/wp\/v2\/posts\/10558"}],"collection":[{"href":"https:\/\/www.programapodcast.com.br\/v1\/wp-json\/wp\/v2\/posts"}],"about":[{"href":"https:\/\/www.programapodcast.com.br\/v1\/wp-json\/wp\/v2\/types\/post"}],"author":[{"embeddable":true,"href":"https:\/\/www.programapodcast.com.br\/v1\/wp-json\/wp\/v2\/users\/3"}],"replies":[{"embeddable":true,"href":"https:\/\/www.programapodcast.com.br\/v1\/wp-json\/wp\/v2\/comments?post=10558"}],"version-history":[{"count":1,"href":"https:\/\/www.programapodcast.com.br\/v1\/wp-json\/wp\/v2\/posts\/10558\/revisions"}],"predecessor-version":[{"id":10561,"href":"https:\/\/www.programapodcast.com.br\/v1\/wp-json\/wp\/v2\/posts\/10558\/revisions\/10561"}],"wp:featuredmedia":[{"embeddable":true,"href":"https:\/\/www.programapodcast.com.br\/v1\/wp-json\/wp\/v2\/media\/10560"}],"wp:attachment":[{"href":"https:\/\/www.programapodcast.com.br\/v1\/wp-json\/wp\/v2\/media?parent=10558"}],"wp:term":[{"taxonomy":"category","embeddable":true,"href":"https:\/\/www.programapodcast.com.br\/v1\/wp-json\/wp\/v2\/categories?post=10558"},{"taxonomy":"post_tag","embeddable":true,"href":"https:\/\/www.programapodcast.com.br\/v1\/wp-json\/wp\/v2\/tags?post=10558"}],"curies":[{"name":"wp","href":"https:\/\/api.w.org\/{rel}","templated":true}]}}